{"id":12791,"date":"2020-10-01T01:36:22","date_gmt":"2020-09-30T23:36:22","guid":{"rendered":"http:\/\/www.studiogera.de\/001\/?p=12791"},"modified":"2020-10-01T01:36:23","modified_gmt":"2020-09-30T23:36:23","slug":"konzert-der-dualen-orchesterakademie-thueringen","status":"publish","type":"post","link":"https:\/\/www.studiogera.de\/001\/2020\/10\/01\/konzert-der-dualen-orchesterakademie-thueringen\/","title":{"rendered":"KONZERT DER DUALEN ORCHESTERAKADEMIE TH\u00dcRINGEN"},"content":{"rendered":"\n<p>Sie stehen am Ende ihres Studiums und am \u00dcbergang zum Berufsleben in einem professionellen Orchester \u2014 die Musikerinnen und Musiker der Dualen Orchesterakademie Th\u00fcringen entfalten ihre Talente und sammeln nun Erfahrungen im Berufsorchester, wozu auch die eindrucksvolle Welt der Kammermusik geh\u00f6rt.<\/p>\n\n\n\n<p>Nun pr\u00e4sentieren sie im 278. Foyerkonzert am Sonntag, den 4. Oktober 2020, 11 Uhr, im Konzertsaal des Geraer Theaters ein reizvolles, selbst konzipiertes Programm. Es musizieren Juliane Doiwa, Benjamin Pant (Violine), Philine Blachny, Oreto Vay\u00e1 Chover (Viola), Han-Yun Cheng, Stefan Petkovic (Cello), Barnab\u00e1s Fekete, Johannes Killian (Schlagzeug) und als Gast Ren\u00e9 M\u00fcnch (Schlagzeuger der Jenaer Philharmonie).<br>Zur Er\u00f6ffnung des Konzertes erklingen Johannes Brahms\u2018 Allegro, ma con brio und Adagio aus dem Streichquintett G-Dur op. 111, gefolgt von Gene Koshinskis elektrisierendem II. Dance of the Drums aus \u201eSong and Dance\u201c und Anders Koppels selten zu h\u00f6renden Toccata f\u00fcr Marimbaphon und Vibraphon. Glanzvoll schlie\u00dft das Programm mit Felix Mendelssohn Bartholdys Allegro vivace assai und dem Allegro assai aus dem Streichquartett Nr. 6 f-Moll op. 80.<\/p>\n\n\n\n<p>F\u00fcr das Theater Altenburg Gera und die Jenaer Philharmonie spielt Nachwuchsf\u00f6rderung eine wichtige Rolle. Deshalb betreiben diese beiden bedeutenden Kultureinrichtungen seit September 2018 in erfolgreicher Kooperation die Duale Orchesterakademie Th\u00fcringen. Derzeit erhalten acht Akademist*innen hier eine vielf\u00e4ltige Ausbildung in den Berufsfeldern Konzert- und Opernorchester sowie in den Bereichen Repertoirestudien, Kammermusik, Probespieltraining und Musikvermittlung.<\/p>\n\n\n\n<p>Eintrittskarten sind an der Theaterkasse erh\u00e4ltlich. Diese k\u00f6nnen telefonisch unter der Rufnummer 0365 8279105 bzw. 03447 585160 sowie \u00fcber www.theater-altenburg-gera.de reserviert werden. Wegen der erforderlichen Erfassung von Kontaktdaten ist derzeit kein Kartenverkauf \u00fcber externe Vorverkaufsstellen m\u00f6glich. Es gelten die bekannten Corona-Regeln.<\/p>\n\n\n\n<p>QUELLE: THEATER ALTENBURG GERA GGMBH<\/p>\n","protected":false},"excerpt":{"rendered":"<div class=\"mh-excerpt\"><p>Sie stehen am Ende ihres Studiums und am \u00dcbergang zum Berufsleben in einem professionellen Orchester \u2014 die Musikerinnen und Musiker der Dualen Orchesterakademie Th\u00fcringen entfalten ihre Talente und sammeln nun Erfahrungen im Berufsorchester, wozu auch <a class=\"mh-excerpt-more\" href=\"https:\/\/www.studiogera.de\/001\/2020\/10\/01\/konzert-der-dualen-orchesterakademie-thueringen\/\" title=\"KONZERT DER DUALEN ORCHESTERAKADEMIE TH\u00dcRINGEN\">[&#8230;]<\/a><\/p>\n<\/div>","protected":false},"author":2,"featured_media":12792,"comment_status":"open","ping_status":"open","sticky":false,"template":"","format":"standard","meta":{"footnotes":""},"categories":[15],"tags":[],"class_list":{"0":"post-12791","1":"post","2":"type-post","3":"status-publish","4":"format-standard","5":"has-post-thumbnail","7":"category-theater"},"_links":{"self":[{"href":"https:\/\/www.studiogera.de\/001\/wp-json\/wp\/v2\/posts\/12791","targetHints":{"allow":["GET"]}}],"collection":[{"href":"https:\/\/www.studiogera.de\/001\/wp-json\/wp\/v2\/posts"}],"about":[{"href":"https:\/\/www.studiogera.de\/001\/wp-json\/wp\/v2\/types\/post"}],"author":[{"embeddable":true,"href":"https:\/\/www.studiogera.de\/001\/wp-json\/wp\/v2\/users\/2"}],"replies":[{"embeddable":true,"href":"https:\/\/www.studiogera.de\/001\/wp-json\/wp\/v2\/comments?post=12791"}],"version-history":[{"count":1,"href":"https:\/\/www.studiogera.de\/001\/wp-json\/wp\/v2\/posts\/12791\/revisions"}],"predecessor-version":[{"id":12793,"href":"https:\/\/www.studiogera.de\/001\/wp-json\/wp\/v2\/posts\/12791\/revisions\/12793"}],"wp:featuredmedia":[{"embeddable":true,"href":"https:\/\/www.studiogera.de\/001\/wp-json\/wp\/v2\/media\/12792"}],"wp:attachment":[{"href":"https:\/\/www.studiogera.de\/001\/wp-json\/wp\/v2\/media?parent=12791"}],"wp:term":[{"taxonomy":"category","embeddable":true,"href":"https:\/\/www.studiogera.de\/001\/wp-json\/wp\/v2\/categories?post=12791"},{"taxonomy":"post_tag","embeddable":true,"href":"https:\/\/www.studiogera.de\/001\/wp-json\/wp\/v2\/tags?post=12791"}],"curies":[{"name":"wp","href":"https:\/\/api.w.org\/{rel}","templated":true}]}}