{"id":12797,"date":"2020-10-01T11:42:13","date_gmt":"2020-10-01T09:42:13","guid":{"rendered":"http:\/\/www.studiogera.de\/001\/?p=12797"},"modified":"2020-10-01T11:42:15","modified_gmt":"2020-10-01T09:42:15","slug":"kulturprojekte-werden-auch-im-kommenden-jahr-gefoerdert","status":"publish","type":"post","link":"https:\/\/www.studiogera.de\/001\/2020\/10\/01\/kulturprojekte-werden-auch-im-kommenden-jahr-gefoerdert\/","title":{"rendered":"KULTURPROJEKTE WERDEN AUCH IM KOMMENDEN JAHR GEF\u00d6RDERT"},"content":{"rendered":"\n<p>Auch 2021 stellt die Stadt Gera im Rahmen ihrer geltenden Kulturf\u00f6rderrichtlinie Gelder f\u00fcr ausgew\u00e4hlte Projekte der Breiten- und Soziokultur zur Verf\u00fcgung. Danach haben Projektinitiatoren wie zum Beispiel Vereine, Initiativen, Verb\u00e4nde, freie Tr\u00e4ger oder Einzelpersonen noch bis zum 31. Oktober 2020 die M\u00f6glichkeit, f\u00fcr ihre geplanten kulturellen und k\u00fcnstlerischen Vorhaben im kommenden Jahr st\u00e4dtische F\u00f6rdermittel zu beantragen.<\/p>\n\n\n\n<p>Sowohl die Kulturf\u00f6rderrichtlinie, in der alle F\u00f6rderregularien beschrieben sind, als auch der F\u00f6rderantrag und die Formulare f\u00fcr die Abrechnung der Mittel sind ab sofort auf www.gera.de\/ausschreibungen unter dem Stichwort &#8222;Kulturf\u00f6rderrichtlinie&#8220; abrufbar.<\/p>\n\n\n\n<p>Die Antr\u00e4ge sind per Post an das Kulturamt Gera, Schlo\u00dfstra\u00dfe 1, 07545 oder \u00fcber kultur@gera.de zu senden. Bei postalisch eingereichten Antr\u00e4gen gilt der Poststempel als Fristvermerk. Nachtr\u00e4glich eingereichte Antr\u00e4ge k\u00f6nnen nicht ber\u00fccksichtigt werden.<\/p>\n\n\n\n<p>Obgleich die Zeit zum Beantragen recht kurz ist, hoffen das Kulturamt und der Kultur- und Sportausschuss der Stadt Gera auf zahlreiche Antr\u00e4ge und spannende Kulturprojekte im kommenden Jahr.<\/p>\n\n\n\n<p>In diesem Jahr hatte das st\u00e4dtische Kulturamt aufgrund der Corona-Situation die M\u00f6glichkeit einger\u00e4umt, beantragte und bereits beschiedene Projekte f\u00fcr 2020 ins Jahr 2021 zu verschieben und damit bereits ausgezahlte F\u00f6rdermittel in das kommende Jahr zu \u00fcbertragen. Dies stellt aufgrund der Corona-Situation eine Ausnahme dar. Die neu zu stellenden F\u00f6rderantr\u00e4ge f\u00fcr 2021 stehen damit in keinem direkten Zusammenhang.<\/p>\n\n\n\n<p>Bei Fragen stehen die Angestellten des Kulturamtes unter der Rufnummer 0365 8383601 oder \u00fcber kultur@gera.de zur Verf\u00fcgung.<\/p>\n\n\n\n<p>Hintergrund<br>In seiner Sitzung vom 24. September 2020 beschloss der Geraer Stadtrat die Drucksachen Nr. 82\/2020 \u201eKulturf\u00f6rderrichtlinie der Stadt Gera\u201c, die mit Wirkung vom 1. Oktober 2020 in Kraft tritt. Mit dem Inkrafttreten der st\u00e4dtischen Kulturf\u00f6rderrichtlinie ab 2021 steht auch die Frist zur Abgabe der F\u00f6rdermittelantr\u00e4ge f\u00fcr die Folgejahre fest, die sich an den \u00fcblichen Terminen von verschiedenen F\u00f6rderinstitutionen orientiert und damit zahlreichen Antragstellern entgegen kommt.<\/p>\n\n\n\n<p>QUELLE: STADTVERWALTUNG<\/p>\n","protected":false},"excerpt":{"rendered":"<div class=\"mh-excerpt\"><p>Auch 2021 stellt die Stadt Gera im Rahmen ihrer geltenden Kulturf\u00f6rderrichtlinie Gelder f\u00fcr ausgew\u00e4hlte Projekte der Breiten- und Soziokultur zur Verf\u00fcgung. Danach haben Projektinitiatoren wie zum Beispiel Vereine, Initiativen, Verb\u00e4nde, freie Tr\u00e4ger oder Einzelpersonen noch <a class=\"mh-excerpt-more\" href=\"https:\/\/www.studiogera.de\/001\/2020\/10\/01\/kulturprojekte-werden-auch-im-kommenden-jahr-gefoerdert\/\" title=\"KULTURPROJEKTE WERDEN AUCH IM KOMMENDEN JAHR GEF\u00d6RDERT\">[&#8230;]<\/a><\/p>\n<\/div>","protected":false},"author":2,"featured_media":11131,"comment_status":"open","ping_status":"open","sticky":false,"template":"","format":"standard","meta":{"footnotes":""},"categories":[8],"tags":[],"class_list":{"0":"post-12797","1":"post","2":"type-post","3":"status-publish","4":"format-standard","5":"has-post-thumbnail","7":"category-kultur"},"_links":{"self":[{"href":"https:\/\/www.studiogera.de\/001\/wp-json\/wp\/v2\/posts\/12797","targetHints":{"allow":["GET"]}}],"collection":[{"href":"https:\/\/www.studiogera.de\/001\/wp-json\/wp\/v2\/posts"}],"about":[{"href":"https:\/\/www.studiogera.de\/001\/wp-json\/wp\/v2\/types\/post"}],"author":[{"embeddable":true,"href":"https:\/\/www.studiogera.de\/001\/wp-json\/wp\/v2\/users\/2"}],"replies":[{"embeddable":true,"href":"https:\/\/www.studiogera.de\/001\/wp-json\/wp\/v2\/comments?post=12797"}],"version-history":[{"count":1,"href":"https:\/\/www.studiogera.de\/001\/wp-json\/wp\/v2\/posts\/12797\/revisions"}],"predecessor-version":[{"id":12798,"href":"https:\/\/www.studiogera.de\/001\/wp-json\/wp\/v2\/posts\/12797\/revisions\/12798"}],"wp:featuredmedia":[{"embeddable":true,"href":"https:\/\/www.studiogera.de\/001\/wp-json\/wp\/v2\/media\/11131"}],"wp:attachment":[{"href":"https:\/\/www.studiogera.de\/001\/wp-json\/wp\/v2\/media?parent=12797"}],"wp:term":[{"taxonomy":"category","embeddable":true,"href":"https:\/\/www.studiogera.de\/001\/wp-json\/wp\/v2\/categories?post=12797"},{"taxonomy":"post_tag","embeddable":true,"href":"https:\/\/www.studiogera.de\/001\/wp-json\/wp\/v2\/tags?post=12797"}],"curies":[{"name":"wp","href":"https:\/\/api.w.org\/{rel}","templated":true}]}}