{"id":12800,"date":"2020-10-02T11:24:53","date_gmt":"2020-10-02T09:24:53","guid":{"rendered":"http:\/\/www.studiogera.de\/001\/?p=12800"},"modified":"2020-10-02T11:24:55","modified_gmt":"2020-10-02T09:24:55","slug":"smart-city-ideenwettbewerb-bis-jahresende-verlaengert","status":"publish","type":"post","link":"https:\/\/www.studiogera.de\/001\/2020\/10\/02\/smart-city-ideenwettbewerb-bis-jahresende-verlaengert\/","title":{"rendered":"SMART-CITY-IDEENWETTBEWERB BIS JAHRESENDE VERL\u00c4NGERT"},"content":{"rendered":"\n<p>Heute vor einem Jahr, am 1. Oktober 2019, begann das Projekt \u201eSmart City\u201c mit einer Vollversammlung im Kultur- und Kongresszentrum. Seit Juni 2020 gibt es einen Ideenwettbewerb, an dem sich jeder beteiligen kann. In zw\u00f6lf Kategorien k\u00f6nnen Ideen eingereicht werden, die das Leben in Gera smarter machen. Diese hatten bisher unterschiedliche Einsendungsfristen, zum Beispiel \u201eSmarte Unabh\u00e4ngigkeit im Alter\u201c urspr\u00fcnglich bis 20. November 2020. Nun teilt die Stadtverwaltung mit, dass der gesamte Ideenwettbewerb in allen zw\u00f6lf Rubriken bis zum 31. Dezember 2020 verl\u00e4ngert wird. \u201eDer Wettbewerb ist eine M\u00f6glichkeit, uns Visionen und Gedanken zu senden. Allerdings m\u00f6chten wir die Geraer B\u00fcrgerinnen und B\u00fcrger auf verschiedenen Wegen ansprechen, ihrer Kreativit\u00e4t freien Lauf zu lassen. So gibt es Arbeitsgruppen, die sich gro\u00dfer Beliebtheit erfreuen und viele digitale M\u00f6glichkeiten, etwas einzureichen\u201c, erkl\u00e4rt Oberb\u00fcrgermeister Julian Vonarb und erg\u00e4nzt: \u201eJetzt gehen wir noch einen Schritt weiter und \u00f6ffnen buchst\u00e4blich die T\u00fcren f\u00fcr noch mehr B\u00fcrgern\u00e4he und Interaktion zum Thema Smart City.\u201c<\/p>\n\n\n\n<p>Im November wird eine \u201eSmart-City-Werkstatt\u201c, ein Ladengesch\u00e4ft, auf der Sorge er\u00f6ffnet. \u201eDort k\u00f6nnen Ideen bei einem Kaffee in einem Vier-Augen-Gespr\u00e4ch besprochen, Fragen gestellt und Informationen ausgetauscht werden. Im Laufe des Projekts haben wir festgestellt, dass nicht immer aus einem Bedarf oder einem Alltagsproblem sofort eine Idee entsteht. In einem direkten Dialog und in pers\u00f6nlicher Atmosph\u00e4re vor Ort wird die ein oder andere Hemmschwelle entsch\u00e4rft. Endlich wird es einen Anlauf geben f\u00fcr alle Interessierte an &#8218;Smart City&#8216; und der Entwicklung unserer Stadt\u201c, so Vonarb.<\/p>\n\n\n\n<p>Den Gewinnern des Ideenwettbewerbs winken attraktive Preise, beispielsweise Einkaufsgutscheine bis zu 1500 Euro, Zusch\u00fcsse f\u00fcr die Klassenkasse oder f\u00fcr Betriebsausstattung bis zu 5000 Euro oder die Ausstattung eines unvergesslichen Festes f\u00fcr Firmen, Kindertagesst\u00e4tten-Kinder oder Vereine\/Verb\u00e4nde. Alle eingereichten Ideen werden im Anschluss anonymisiert ver\u00f6ffentlicht und es kann \u00fcber die beste online abgestimmt werden. Der Stadtrat legt dann aus den Siegern der Kategorien die Gesamtplatzierungen fest.<\/p>\n\n\n\n<p>Ideenwettbewerbe: <a href=\"https:\/\/unser.gera.de\/ideenwettbewerb\/\">https:\/\/unser.gera.de\/ideenwettbewerb\/<\/a><\/p>\n\n\n\n<p>Termine der Arbeitsgruppen: <a href=\"https:\/\/unser.gera.de\/projekte\/smartcity\/\">https:\/\/unser.gera.de\/projekte\/smartcity\/<\/a><\/p>\n\n\n\n<p>QUELLE: STADTVERWALTUNG<\/p>\n","protected":false},"excerpt":{"rendered":"<div class=\"mh-excerpt\"><p>Heute vor einem Jahr, am 1. Oktober 2019, begann das Projekt \u201eSmart City\u201c mit einer Vollversammlung im Kultur- und Kongresszentrum. Seit Juni 2020 gibt es einen Ideenwettbewerb, an dem sich jeder beteiligen kann. In zw\u00f6lf <a class=\"mh-excerpt-more\" href=\"https:\/\/www.studiogera.de\/001\/2020\/10\/02\/smart-city-ideenwettbewerb-bis-jahresende-verlaengert\/\" title=\"SMART-CITY-IDEENWETTBEWERB BIS JAHRESENDE VERL\u00c4NGERT\">[&#8230;]<\/a><\/p>\n<\/div>","protected":false},"author":2,"featured_media":11361,"comment_status":"open","ping_status":"open","sticky":false,"template":"","format":"standard","meta":{"footnotes":""},"categories":[3],"tags":[],"class_list":{"0":"post-12800","1":"post","2":"type-post","3":"status-publish","4":"format-standard","5":"has-post-thumbnail","7":"category-lokal"},"_links":{"self":[{"href":"https:\/\/www.studiogera.de\/001\/wp-json\/wp\/v2\/posts\/12800","targetHints":{"allow":["GET"]}}],"collection":[{"href":"https:\/\/www.studiogera.de\/001\/wp-json\/wp\/v2\/posts"}],"about":[{"href":"https:\/\/www.studiogera.de\/001\/wp-json\/wp\/v2\/types\/post"}],"author":[{"embeddable":true,"href":"https:\/\/www.studiogera.de\/001\/wp-json\/wp\/v2\/users\/2"}],"replies":[{"embeddable":true,"href":"https:\/\/www.studiogera.de\/001\/wp-json\/wp\/v2\/comments?post=12800"}],"version-history":[{"count":1,"href":"https:\/\/www.studiogera.de\/001\/wp-json\/wp\/v2\/posts\/12800\/revisions"}],"predecessor-version":[{"id":12801,"href":"https:\/\/www.studiogera.de\/001\/wp-json\/wp\/v2\/posts\/12800\/revisions\/12801"}],"wp:featuredmedia":[{"embeddable":true,"href":"https:\/\/www.studiogera.de\/001\/wp-json\/wp\/v2\/media\/11361"}],"wp:attachment":[{"href":"https:\/\/www.studiogera.de\/001\/wp-json\/wp\/v2\/media?parent=12800"}],"wp:term":[{"taxonomy":"category","embeddable":true,"href":"https:\/\/www.studiogera.de\/001\/wp-json\/wp\/v2\/categories?post=12800"},{"taxonomy":"post_tag","embeddable":true,"href":"https:\/\/www.studiogera.de\/001\/wp-json\/wp\/v2\/tags?post=12800"}],"curies":[{"name":"wp","href":"https:\/\/api.w.org\/{rel}","templated":true}]}}