{"id":12802,"date":"2020-10-02T11:32:40","date_gmt":"2020-10-02T09:32:40","guid":{"rendered":"http:\/\/www.studiogera.de\/001\/?p=12802"},"modified":"2020-10-02T11:32:41","modified_gmt":"2020-10-02T09:32:41","slug":"modeladen-am-marktplatz-eroeffnet","status":"publish","type":"post","link":"https:\/\/www.studiogera.de\/001\/2020\/10\/02\/modeladen-am-marktplatz-eroeffnet\/","title":{"rendered":"MODELADEN AM MARKTPLATZ ER\u00d6FFNET"},"content":{"rendered":"\n<p>Geras Oberb\u00fcrgermeister Julian Vonarb lie\u00df es sich am 1. Oktober 2020 nicht nehmen, Nicole Metzner (mittig) und Stephanie Sonntag (links) anl\u00e4sslich ihrer Gesch\u00e4ftser\u00f6ffnung pers\u00f6nlich einen Besuch abzustatten. Der Modeladen &#8222;you&amp;me&#8220; mit Sitz am Markt, direkt neben dem Standesamt, f\u00fchrt vor allem gebrauchte Kleidung aber auch eine kleine Auswahl an Spielzeug und Taschen. Dabei legen die beiden Gesch\u00e4ftsf\u00fchrerinnen besonderen Wert auf Nachhaltigkeit. So gibt es beispielsweise Rucks\u00e4cke, die aus Meereskunststsoff hergestellt wurden.<\/p>\n","protected":false},"excerpt":{"rendered":"<div class=\"mh-excerpt\"><p>Geras Oberb\u00fcrgermeister Julian Vonarb lie\u00df es sich am 1. Oktober 2020 nicht nehmen, Nicole Metzner (mittig) und Stephanie Sonntag (links) anl\u00e4sslich ihrer Gesch\u00e4ftser\u00f6ffnung pers\u00f6nlich einen Besuch abzustatten. Der Modeladen &#8222;you&amp;me&#8220; mit Sitz am Markt, direkt <a class=\"mh-excerpt-more\" href=\"https:\/\/www.studiogera.de\/001\/2020\/10\/02\/modeladen-am-marktplatz-eroeffnet\/\" title=\"MODELADEN AM MARKTPLATZ ER\u00d6FFNET\">[&#8230;]<\/a><\/p>\n<\/div>","protected":false},"author":2,"featured_media":12803,"comment_status":"open","ping_status":"open","sticky":false,"template":"","format":"standard","meta":{"footnotes":""},"categories":[16],"tags":[],"class_list":{"0":"post-12802","1":"post","2":"type-post","3":"status-publish","4":"format-standard","5":"has-post-thumbnail","7":"category-kurzmitteilungen"},"_links":{"self":[{"href":"https:\/\/www.studiogera.de\/001\/wp-json\/wp\/v2\/posts\/12802","targetHints":{"allow":["GET"]}}],"collection":[{"href":"https:\/\/www.studiogera.de\/001\/wp-json\/wp\/v2\/posts"}],"about":[{"href":"https:\/\/www.studiogera.de\/001\/wp-json\/wp\/v2\/types\/post"}],"author":[{"embeddable":true,"href":"https:\/\/www.studiogera.de\/001\/wp-json\/wp\/v2\/users\/2"}],"replies":[{"embeddable":true,"href":"https:\/\/www.studiogera.de\/001\/wp-json\/wp\/v2\/comments?post=12802"}],"version-history":[{"count":1,"href":"https:\/\/www.studiogera.de\/001\/wp-json\/wp\/v2\/posts\/12802\/revisions"}],"predecessor-version":[{"id":12804,"href":"https:\/\/www.studiogera.de\/001\/wp-json\/wp\/v2\/posts\/12802\/revisions\/12804"}],"wp:featuredmedia":[{"embeddable":true,"href":"https:\/\/www.studiogera.de\/001\/wp-json\/wp\/v2\/media\/12803"}],"wp:attachment":[{"href":"https:\/\/www.studiogera.de\/001\/wp-json\/wp\/v2\/media?parent=12802"}],"wp:term":[{"taxonomy":"category","embeddable":true,"href":"https:\/\/www.studiogera.de\/001\/wp-json\/wp\/v2\/categories?post=12802"},{"taxonomy":"post_tag","embeddable":true,"href":"https:\/\/www.studiogera.de\/001\/wp-json\/wp\/v2\/tags?post=12802"}],"curies":[{"name":"wp","href":"https:\/\/api.w.org\/{rel}","templated":true}]}}