{"id":12805,"date":"2020-10-02T11:48:50","date_gmt":"2020-10-02T09:48:50","guid":{"rendered":"http:\/\/www.studiogera.de\/001\/?p=12805"},"modified":"2020-10-02T11:48:52","modified_gmt":"2020-10-02T09:48:52","slug":"das-theater-vom-2-bis-4-oktober-2020","status":"publish","type":"post","link":"https:\/\/www.studiogera.de\/001\/2020\/10\/02\/das-theater-vom-2-bis-4-oktober-2020\/","title":{"rendered":"DAS THEATER VOM 2. BIS 4. OKTOBER 2020"},"content":{"rendered":"\n<p>Aufgef\u00fchrt werden die Satire \u201eHelden wie wir\u201c, Bevor die Oper \u201eDer Barbier von Sevilla\u201c, das Schauspiel \u201eVater\u201c, das M\u00e4rchen \u201eRapunzel\u201c mit kleinen Marionetten, sowie das 278. Foyerkonzert. Die Vorstellungen \u201ePudels Kern \u2026\u201c und \u201eIn der Strafkolonie\u201c entfallen.<\/p>\n\n\n\n<p>ALTENBURG<\/p>\n\n\n\n<p>P\u00fcnktlich zum drei\u00dfigj\u00e4hrigen Jubil\u00e4um der deutschen Wiedervereinigung hat die Satire \u201eHelden wie wir\u201c am Samstag um 19.30 Uhr Premiere im Theaterzelt Altenburg. Eine weitere Vorstellung folgt dort gleich am Sonntag um 18 Uhr. Bitterb\u00f6se und herrlich humorvoll nimmt Erfolgsautor Thomas Brussig in seinem Wenderoman das Alltagsleben im Arbeiter- und Bauernstaat unter die Lupe, dessen Niedergang auf omin\u00f6se Weise besiegelt wurde. Schauspieldirektor Manuel Kressin inszeniert das St\u00fcck mit Thomas C. Zinke in der Hauptrolle.<\/p>\n\n\n\n<p>Bevor die Oper \u201eDer Barbier von Sevilla\u201c am 10. Oktober Premiere hat, gibt es bereits diesen Sonntag zum Theaterfr\u00fchst\u00fcck um 11 Uhr im Theaterzelt erste Einblicke. Bei freiem Eintritt berichten Regisseurin Annalisa Canton, Dirigent Stefan Sanderling (der f\u00fcr den verhinderten Thomas Wicklein die Produktion \u00fcbernommen hat), Ausstatterin Elena K\u00f6hler und Dramaturgin Catharina Jacobi \u00fcber ihre Arbeit an Gioachino Rossinis Meisterwerk. S\u00e4ngerinnen und S\u00e4nger geben auch kleine Kostproben auf der B\u00fchne.<\/p>\n\n\n\n<p>GERA<\/p>\n\n\n\n<p>Aus betriebsinternen Gr\u00fcnden entfallen die Vorstellungen \u201ePudels Kern \u2026\u201c am Freitag und Samstag jeweils 19.30 Uhr im Puppentheater sowie \u201eIn der Strafkolonie\u201c am Samstag 19.30 und am Sonntag 18 Uhr auf der B\u00fchne am Park.<\/p>\n\n\n\n<p>Am Freitag um 19.30 Uhr hat im Gro\u00dfen Haus Gera das Schauspiel \u201eVater\u201c von Florian Zeller Premiere. Weitere Vorstellungen davon folgen am Samstag um 19.30 und am Sonntag um 18 Uhr ebendort. Alle drei Termine sind bereits ausverkauft.<br>Zu seinem 50-j\u00e4hrigen B\u00fchnenjubil\u00e4um wird Peter Prautsch in der Hauptrolle zu erleben sein. Das ber\u00fchrende St\u00fcck \u00fcber Altersdemenz nimmt den Zuschauer mit auf die Reise in Andr\u00e9s Welt. Aus der Perspektive des Demenzkranken erz\u00e4hlt, bekommt das Publikum Andr\u00e9s zeitliche und r\u00e4umliche Orientierungslosigkeit zu sp\u00fcren.<\/p>\n\n\n\n<p>Zum 278. Foyerkonzert am Sonntag um 11 Uhr im Konzertsaal des Geraer Theaters treten die Musikerinnen und Musiker der Dualen Orchesterakademie Th\u00fcringen mit einem reizvollen, selbst konzipierten Programm auf. Sie spielen u. a. Werke f\u00fcr Streichinstrumente und Schlagwerk von Johannes Brahms, Gene Koshinski, Anders Koppel und Felix Mendelssohn Bartholdy.<\/p>\n\n\n\n<p>Im Geraer Puppentheater spielt Marcella von Jan am Sonntag um 16 Uhr das M\u00e4rchen \u201eRapunzel\u201c mit kleinen Marionetten. Die alte Zauberin, Frau Gotel, besucht Rapunzel t\u00e4glich und steigt an Rapunzels Zopf in den Turm, der keine T\u00fcr hat. Eines Tages klettert jedoch ein Prinz hinauf. Rapunzels Gesang lockte ihn an. Sie verlieben sich und beschlie\u00dfen, zu fliehen. Die Hexe verhindert die Flucht. Sie schneidet den Zopf ab. Der Prinz st\u00fcrzt ab und verliert sein Augenlicht. Rapunzel wird in eine W\u00fcste verbannt. Dort finden sie sich wieder und es geschieht ein Wunder\u2026<\/p>\n\n\n\n<p>Eintrittskarten sind an der Theaterkasse erh\u00e4ltlich. Diese k\u00f6nnen telefonisch unter der Rufnummer 0365 8279105 bzw. 03447 585160 sowie \u00fcber www.theater-altenburg-gera.de reserviert werden. Wegen der erforderlichen Erfassung von Kontaktdaten ist derzeit kein Kartenverkauf \u00fcber externe Vorverkaufsstellen m\u00f6glich. Es gelten die bekannten Corona-Regeln.<\/p>\n\n\n\n<p>QUELLE: THEATER ALTENBURG GERA GGMBH<\/p>\n","protected":false},"excerpt":{"rendered":"<div class=\"mh-excerpt\"><p>Aufgef\u00fchrt werden die Satire \u201eHelden wie wir\u201c, Bevor die Oper \u201eDer Barbier von Sevilla\u201c, das Schauspiel \u201eVater\u201c, das M\u00e4rchen \u201eRapunzel\u201c mit kleinen Marionetten, sowie das 278. Foyerkonzert. Die Vorstellungen \u201ePudels Kern \u2026\u201c und \u201eIn der <a class=\"mh-excerpt-more\" href=\"https:\/\/www.studiogera.de\/001\/2020\/10\/02\/das-theater-vom-2-bis-4-oktober-2020\/\" title=\"DAS THEATER VOM 2. BIS 4. OKTOBER 2020\">[&#8230;]<\/a><\/p>\n<\/div>","protected":false},"author":2,"featured_media":12806,"comment_status":"open","ping_status":"open","sticky":false,"template":"","format":"standard","meta":{"footnotes":""},"categories":[15],"tags":[],"class_list":{"0":"post-12805","1":"post","2":"type-post","3":"status-publish","4":"format-standard","5":"has-post-thumbnail","7":"category-theater"},"_links":{"self":[{"href":"https:\/\/www.studiogera.de\/001\/wp-json\/wp\/v2\/posts\/12805","targetHints":{"allow":["GET"]}}],"collection":[{"href":"https:\/\/www.studiogera.de\/001\/wp-json\/wp\/v2\/posts"}],"about":[{"href":"https:\/\/www.studiogera.de\/001\/wp-json\/wp\/v2\/types\/post"}],"author":[{"embeddable":true,"href":"https:\/\/www.studiogera.de\/001\/wp-json\/wp\/v2\/users\/2"}],"replies":[{"embeddable":true,"href":"https:\/\/www.studiogera.de\/001\/wp-json\/wp\/v2\/comments?post=12805"}],"version-history":[{"count":1,"href":"https:\/\/www.studiogera.de\/001\/wp-json\/wp\/v2\/posts\/12805\/revisions"}],"predecessor-version":[{"id":12807,"href":"https:\/\/www.studiogera.de\/001\/wp-json\/wp\/v2\/posts\/12805\/revisions\/12807"}],"wp:featuredmedia":[{"embeddable":true,"href":"https:\/\/www.studiogera.de\/001\/wp-json\/wp\/v2\/media\/12806"}],"wp:attachment":[{"href":"https:\/\/www.studiogera.de\/001\/wp-json\/wp\/v2\/media?parent=12805"}],"wp:term":[{"taxonomy":"category","embeddable":true,"href":"https:\/\/www.studiogera.de\/001\/wp-json\/wp\/v2\/categories?post=12805"},{"taxonomy":"post_tag","embeddable":true,"href":"https:\/\/www.studiogera.de\/001\/wp-json\/wp\/v2\/tags?post=12805"}],"curies":[{"name":"wp","href":"https:\/\/api.w.org\/{rel}","templated":true}]}}