{"id":12811,"date":"2020-10-04T02:12:33","date_gmt":"2020-10-04T00:12:33","guid":{"rendered":"http:\/\/www.studiogera.de\/001\/?p=12811"},"modified":"2020-10-04T02:12:34","modified_gmt":"2020-10-04T00:12:34","slug":"erste-radverkehrsschau-im-stadtgebiet","status":"publish","type":"post","link":"https:\/\/www.studiogera.de\/001\/2020\/10\/04\/erste-radverkehrsschau-im-stadtgebiet\/","title":{"rendered":"ERSTE RADVERKEHRSSCHAU IM STADTGEBIET"},"content":{"rendered":"\n<p>Am 29. September 2020 trafen sich Vertreter der Landespolizeiinspektion Gera, der Verkehrsbeh\u00f6rde, des Tiefbauamtes sowie die Fahrradbeauftragten der Stadt Gera zur ersten Radverkehrsschau in Gera. Ziel war es, an ausgew\u00e4hlten Standorten die vorhandene Beschilderung zu pr\u00fcfen und gemeinsam \u00fcber notwendige M\u00e4ngelbeseitigungen und Entwicklungsm\u00f6glichkeiten zu sprechen.&nbsp;<\/p>\n\n\n\n<p>Die Radverkehrsschau ist eine Erg\u00e4nzung zu den bereits regelm\u00e4\u00dfig durchgef\u00fchrten Verkehrsschauen der Verkehrsbeh\u00f6rde. Im Fokus der ersten Begehung stand unter anderem die Schmelzh\u00fcttenstra\u00dfe. Hier wurde die M\u00f6glichkeit gepr\u00fcft, die Einbahnstra\u00dfe in Gegenrichtung f\u00fcr den Verkehr zu \u00f6ffnen. Weitere Schwerpunkte waren die F\u00fchrung des Radverkehrs im Bereich des Theaterplatzes und die F\u00fchrung auf der Theaterstra\u00dfe im Abschnitt Eselsbr\u00fccke bis Berliner Stra\u00dfe.<\/p>\n\n\n\n<p>QUELLE: STADTVERWALTUNG<\/p>\n","protected":false},"excerpt":{"rendered":"<div class=\"mh-excerpt\"><p>Am 29. September 2020 trafen sich Vertreter der Landespolizeiinspektion Gera, der Verkehrsbeh\u00f6rde, des Tiefbauamtes sowie die Fahrradbeauftragten der Stadt Gera zur ersten Radverkehrsschau in Gera. Ziel war es, an ausgew\u00e4hlten Standorten die vorhandene Beschilderung zu <a class=\"mh-excerpt-more\" href=\"https:\/\/www.studiogera.de\/001\/2020\/10\/04\/erste-radverkehrsschau-im-stadtgebiet\/\" title=\"ERSTE RADVERKEHRSSCHAU IM STADTGEBIET\">[&#8230;]<\/a><\/p>\n<\/div>","protected":false},"author":2,"featured_media":11249,"comment_status":"open","ping_status":"open","sticky":false,"template":"","format":"standard","meta":{"footnotes":""},"categories":[3],"tags":[],"class_list":{"0":"post-12811","1":"post","2":"type-post","3":"status-publish","4":"format-standard","5":"has-post-thumbnail","7":"category-lokal"},"_links":{"self":[{"href":"https:\/\/www.studiogera.de\/001\/wp-json\/wp\/v2\/posts\/12811","targetHints":{"allow":["GET"]}}],"collection":[{"href":"https:\/\/www.studiogera.de\/001\/wp-json\/wp\/v2\/posts"}],"about":[{"href":"https:\/\/www.studiogera.de\/001\/wp-json\/wp\/v2\/types\/post"}],"author":[{"embeddable":true,"href":"https:\/\/www.studiogera.de\/001\/wp-json\/wp\/v2\/users\/2"}],"replies":[{"embeddable":true,"href":"https:\/\/www.studiogera.de\/001\/wp-json\/wp\/v2\/comments?post=12811"}],"version-history":[{"count":1,"href":"https:\/\/www.studiogera.de\/001\/wp-json\/wp\/v2\/posts\/12811\/revisions"}],"predecessor-version":[{"id":12812,"href":"https:\/\/www.studiogera.de\/001\/wp-json\/wp\/v2\/posts\/12811\/revisions\/12812"}],"wp:featuredmedia":[{"embeddable":true,"href":"https:\/\/www.studiogera.de\/001\/wp-json\/wp\/v2\/media\/11249"}],"wp:attachment":[{"href":"https:\/\/www.studiogera.de\/001\/wp-json\/wp\/v2\/media?parent=12811"}],"wp:term":[{"taxonomy":"category","embeddable":true,"href":"https:\/\/www.studiogera.de\/001\/wp-json\/wp\/v2\/categories?post=12811"},{"taxonomy":"post_tag","embeddable":true,"href":"https:\/\/www.studiogera.de\/001\/wp-json\/wp\/v2\/tags?post=12811"}],"curies":[{"name":"wp","href":"https:\/\/api.w.org\/{rel}","templated":true}]}}