{"id":12813,"date":"2020-10-04T02:22:50","date_gmt":"2020-10-04T00:22:50","guid":{"rendered":"http:\/\/www.studiogera.de\/001\/?p=12813"},"modified":"2020-10-04T02:22:52","modified_gmt":"2020-10-04T00:22:52","slug":"deutliche-steigerung-bei-der-aktion-stadtradeln-2020","status":"publish","type":"post","link":"https:\/\/www.studiogera.de\/001\/2020\/10\/04\/deutliche-steigerung-bei-der-aktion-stadtradeln-2020\/","title":{"rendered":"DEUTLICHE STEIGERUNG BEI DER AKTION \u201eSTADTRADELN 2020\u201d"},"content":{"rendered":"\n<p>Die Aktion \u201eStadtradeln 2020\u201c endete mit einem furiosen Ergebnis am Freitag, den 25. September 2020. Innerhalb von drei Wochen, vom 5. bis 25. September 2020, legten die 472 Teilnehmer in 85 Mannschaften insgesamt 101&#8217;308 Kilometer zur\u00fcck. Das ist eine Steigerung gegen\u00fcber dem Vorjahr um 25&#8217;806 Kilometer.<\/p>\n\n\n\n<p>\u201eDiese Leistung ist einfach nur super, und ich danke jedem Einzelnen, der sich Tag f\u00fcr Tag und bei Wind und Wetter aufs Rad gesetzt hat, um f\u00fcr seine Stadt Kilometer zu sammeln\u201c, freut sich die Radfahrbeauftragte der Stadt Gera, Simone Pr\u00fcfer.<\/p>\n\n\n\n<p>Sollten die Teilnehmer tats\u00e4chlich in diesem Zeitraum vom Automobil auf das Fahrrad umgestiegen sein, so h\u00e4tten sie dadurch mehr als 14&#8217;000 Kilogramm Kohlenstoffdioxid eingespart.<\/p>\n\n\n\n<p>Die Abschlussveranstaltung f\u00fcr alle beteiligten findet am 7. Oktober ab 17 Uhr im Kultur- und Kongresszentrum statt. Neben der Ehrung der besten Mannschaften, des besten Einzelfahrers und der Mannschaft mit dem originellsten Namen, gibt es auch einen spannenden Vortrag der Th\u00fcringer Weltumradler. Axel Br\u00fcmmer pr\u00e4sentiert dabei den einzigartigen Trip \u201eWeltsichten \u2013 30 Jahre danach\u201c.<\/p>\n\n\n\n<p>QUELLE: STADTVERWALTUNG<\/p>\n","protected":false},"excerpt":{"rendered":"<div class=\"mh-excerpt\"><p>Die Aktion \u201eStadtradeln 2020\u201c endete mit einem furiosen Ergebnis am Freitag, den 25. September 2020. Innerhalb von drei Wochen, vom 5. bis 25. September 2020, legten die 472 Teilnehmer in 85 Mannschaften insgesamt 101&#8217;308 Kilometer <a class=\"mh-excerpt-more\" href=\"https:\/\/www.studiogera.de\/001\/2020\/10\/04\/deutliche-steigerung-bei-der-aktion-stadtradeln-2020\/\" title=\"DEUTLICHE STEIGERUNG BEI DER AKTION \u201eSTADTRADELN 2020\u201d\">[&#8230;]<\/a><\/p>\n<\/div>","protected":false},"author":2,"featured_media":12038,"comment_status":"open","ping_status":"open","sticky":false,"template":"","format":"standard","meta":{"footnotes":""},"categories":[8],"tags":[],"class_list":{"0":"post-12813","1":"post","2":"type-post","3":"status-publish","4":"format-standard","5":"has-post-thumbnail","7":"category-kultur"},"_links":{"self":[{"href":"https:\/\/www.studiogera.de\/001\/wp-json\/wp\/v2\/posts\/12813","targetHints":{"allow":["GET"]}}],"collection":[{"href":"https:\/\/www.studiogera.de\/001\/wp-json\/wp\/v2\/posts"}],"about":[{"href":"https:\/\/www.studiogera.de\/001\/wp-json\/wp\/v2\/types\/post"}],"author":[{"embeddable":true,"href":"https:\/\/www.studiogera.de\/001\/wp-json\/wp\/v2\/users\/2"}],"replies":[{"embeddable":true,"href":"https:\/\/www.studiogera.de\/001\/wp-json\/wp\/v2\/comments?post=12813"}],"version-history":[{"count":1,"href":"https:\/\/www.studiogera.de\/001\/wp-json\/wp\/v2\/posts\/12813\/revisions"}],"predecessor-version":[{"id":12814,"href":"https:\/\/www.studiogera.de\/001\/wp-json\/wp\/v2\/posts\/12813\/revisions\/12814"}],"wp:featuredmedia":[{"embeddable":true,"href":"https:\/\/www.studiogera.de\/001\/wp-json\/wp\/v2\/media\/12038"}],"wp:attachment":[{"href":"https:\/\/www.studiogera.de\/001\/wp-json\/wp\/v2\/media?parent=12813"}],"wp:term":[{"taxonomy":"category","embeddable":true,"href":"https:\/\/www.studiogera.de\/001\/wp-json\/wp\/v2\/categories?post=12813"},{"taxonomy":"post_tag","embeddable":true,"href":"https:\/\/www.studiogera.de\/001\/wp-json\/wp\/v2\/tags?post=12813"}],"curies":[{"name":"wp","href":"https:\/\/api.w.org\/{rel}","templated":true}]}}