{"id":12815,"date":"2020-10-04T02:32:15","date_gmt":"2020-10-04T00:32:15","guid":{"rendered":"http:\/\/www.studiogera.de\/001\/?p=12815"},"modified":"2020-10-04T02:40:06","modified_gmt":"2020-10-04T00:40:06","slug":"12815","status":"publish","type":"post","link":"https:\/\/www.studiogera.de\/001\/2020\/10\/04\/12815\/","title":{"rendered":"FOTOGRAFIEN AUS UGANDA IM OSTTH\u00dcRINGER SCHULAMT"},"content":{"rendered":"\n<p>Noch bis zum 15. Oktober 2020 ist es m\u00f6glich, die unter der \u00dcberschrift \u201eB\u00e4ume pflanzen gegen Fremdenhass\u201c ausgestellten Fotografien im Ostth\u00fcringer Schulamt zu besichtigen. Die Ausstellung ist das Ergebnis eines Projekts der Regelschule \u201eJohann Wolfgang von Goethe\u201c in Schleiz und des Filmemachers und Fotografen Michael Richer, unterst\u00fctzt vom Verein \u201eGlobal Social Network\u201c und der \u201eKriegskinderstiftung\u201c.<\/p>\n\n\n\n<p>Besonders junge Menschen sollen mit der Ausstellung angesprochen werden. Ziel ist es, sich den Themen \u201eSoziales Engagement\u201c und \u201eFremdenhass\u201c auseinanderzusetzen. Nach der Finissage am 15. Oktober 2020 kann die Ausstellung auch f\u00fcr die Arbeit in den Schulen des Schulamtsbezirkes genutzt werden. Interessierte k\u00f6nnen diese ausleihen, und das Schulamt unterst\u00fctzt gern dabei. Dar\u00fcber hinaus k\u00f6nnen zu den Themen der Ausstellung auch ein Vortrag, eine interaktive Multivisionsshow oder ein Unterrichtsgespr\u00e4ch in der Schule (etwa ein bis zwei Stunden) mit dem Projektverantwortlichen und K\u00fcnstler Michael Richer stattfinden.<\/p>\n\n\n\n<p>Gef\u00f6rdert wird das Projekt im Rahmen des Bundesprogramms \u201eDemokratie leben!\u201c \u2013 F\u00f6rderbereich A \u201eBundesweite F\u00f6rderung lokaler Partnerschaften f\u00fcr Demokratie\u201c sowie durch das Th\u00fcringer Landesprogramm f\u00fcr Demokratie, Toleranz und Weltoffenheit \u2013 Denk bunt!\u201c<\/p>\n\n\n\n<p>Die Fotografien k\u00f6nnen w\u00e4hrend der \u00d6ffnungszeiten im Schulamt Ostth\u00fcringen, in der Herrmann-Drechsler-Stra\u00dfe 1, unter Einhaltung der Corona-Regeln besichtigt werden.<\/p>\n\n\n\n<p>QUELLE: STADTVERWALTUNG<\/p>\n","protected":false},"excerpt":{"rendered":"<div class=\"mh-excerpt\"><p>Noch bis zum 15. Oktober 2020 ist es m\u00f6glich, die unter der \u00dcberschrift \u201eB\u00e4ume pflanzen gegen Fremdenhass\u201c ausgestellten Fotografien im Ostth\u00fcringer Schulamt zu besichtigen. Die Ausstellung ist das Ergebnis eines Projekts der Regelschule \u201eJohann Wolfgang <a class=\"mh-excerpt-more\" href=\"https:\/\/www.studiogera.de\/001\/2020\/10\/04\/12815\/\" title=\"FOTOGRAFIEN AUS UGANDA IM OSTTH\u00dcRINGER SCHULAMT\">[&#8230;]<\/a><\/p>\n<\/div>","protected":false},"author":2,"featured_media":12817,"comment_status":"open","ping_status":"open","sticky":false,"template":"","format":"standard","meta":{"footnotes":""},"categories":[8],"tags":[],"class_list":{"0":"post-12815","1":"post","2":"type-post","3":"status-publish","4":"format-standard","5":"has-post-thumbnail","7":"category-kultur"},"_links":{"self":[{"href":"https:\/\/www.studiogera.de\/001\/wp-json\/wp\/v2\/posts\/12815","targetHints":{"allow":["GET"]}}],"collection":[{"href":"https:\/\/www.studiogera.de\/001\/wp-json\/wp\/v2\/posts"}],"about":[{"href":"https:\/\/www.studiogera.de\/001\/wp-json\/wp\/v2\/types\/post"}],"author":[{"embeddable":true,"href":"https:\/\/www.studiogera.de\/001\/wp-json\/wp\/v2\/users\/2"}],"replies":[{"embeddable":true,"href":"https:\/\/www.studiogera.de\/001\/wp-json\/wp\/v2\/comments?post=12815"}],"version-history":[{"count":2,"href":"https:\/\/www.studiogera.de\/001\/wp-json\/wp\/v2\/posts\/12815\/revisions"}],"predecessor-version":[{"id":12818,"href":"https:\/\/www.studiogera.de\/001\/wp-json\/wp\/v2\/posts\/12815\/revisions\/12818"}],"wp:featuredmedia":[{"embeddable":true,"href":"https:\/\/www.studiogera.de\/001\/wp-json\/wp\/v2\/media\/12817"}],"wp:attachment":[{"href":"https:\/\/www.studiogera.de\/001\/wp-json\/wp\/v2\/media?parent=12815"}],"wp:term":[{"taxonomy":"category","embeddable":true,"href":"https:\/\/www.studiogera.de\/001\/wp-json\/wp\/v2\/categories?post=12815"},{"taxonomy":"post_tag","embeddable":true,"href":"https:\/\/www.studiogera.de\/001\/wp-json\/wp\/v2\/tags?post=12815"}],"curies":[{"name":"wp","href":"https:\/\/api.w.org\/{rel}","templated":true}]}}