{"id":12824,"date":"2020-10-06T14:33:58","date_gmt":"2020-10-06T12:33:58","guid":{"rendered":"http:\/\/www.studiogera.de\/001\/?p=12824"},"modified":"2020-10-06T20:07:30","modified_gmt":"2020-10-06T18:07:30","slug":"dahlienknollen-werden-verkauft","status":"publish","type":"post","link":"https:\/\/www.studiogera.de\/001\/2020\/10\/06\/dahlienknollen-werden-verkauft\/","title":{"rendered":"DAHLIENKNOLLEN WERDEN VERKAUFT"},"content":{"rendered":"\n<p>Wie immer zum Saisonabschluss Anfang Oktober steht auch in diesem Jahr die Zeit f\u00fcr die Rodung und den Verkauf der Dahlienknollen im Geraer Dahliengarten unmittelbar bevor. Noch bis einschlie\u00dflich 9. Oktober k\u00f6nnen sich die Besucher der Parkanlage von der Bl\u00fctenpracht \u00fcberzeugen. Bis dahin sind auch die insgesamt 29 Quartiere beschildert, was eine Auswahl der Lieblingssorte f\u00fcr alle Gartenfreunde erleichtert. In diesem Jahr wurden 1850 Bl\u00fctenstars in achtzig Sorten gepflanzt, darunter auch f\u00fcnf \u201eNeulinge\u201c. Die Pflanzen unterscheiden sich durch ein gro\u00dfes Farbspektrum, vielgestaltige Bl\u00fctenformen sowie durch verschiedene Wuchsh\u00f6hen.<\/p>\n\n\n\n<p>Nach dem Verkauf bleibt der Dahliengarten noch bis Ende Oktober ge\u00f6ffnet, bevor seine T\u00fcren vom 1. November 2020 bis zum April 2021 f\u00fcr Besucher geschlossen bleiben.<\/p>\n\n\n\n<p>Verkauft werden die Knollen am Freitag, den 9. Oktober, von 8 Uhr bis 16 Uhr, und am Samstag, den 10. Oktober, in der Zeit von 8 Uhr bis 12 Uhr bzw. solange der Vorrat reicht.<\/p>\n\n\n\n<p>Das Amt f\u00fcr Stadtgr\u00fcn weist darauf hin, dass die St\u00fcckzahl in den einzelnen Sorten begrenzt ist. Gleichzeitig wird darum gebeten, geeignete Transportbeh\u00e4ltnisse wie Spank\u00f6rbe oder Papiert\u00fcten mitzuf\u00fchren. Der Preis pro Dahlienknolle liegt je nach Gr\u00f6\u00dfe zwischen zwei und f\u00fcnf Euro.<\/p>\n\n\n\n<p>Der Zugang zur Parkanlage befindet sich in der Stra\u00dfe \u201eAm Martinsgrund\u201c. Als Ausgang dient die Treppenanlage an der Stra\u00dfe des Friedens. Der Zugang Rathenaustra\u00dfe ist an beiden Verkaufstagen gesperrt. Der Kassenstandort (Bauwagen am Thilo-Schoder-Brunnen) darf nur maskiert betreten werden.<\/p>\n","protected":false},"excerpt":{"rendered":"<div class=\"mh-excerpt\"><p>Wie immer zum Saisonabschluss Anfang Oktober steht auch in diesem Jahr die Zeit f\u00fcr die Rodung und den Verkauf der Dahlienknollen im Geraer Dahliengarten unmittelbar bevor. Noch bis einschlie\u00dflich 9. Oktober k\u00f6nnen sich die Besucher <a class=\"mh-excerpt-more\" href=\"https:\/\/www.studiogera.de\/001\/2020\/10\/06\/dahlienknollen-werden-verkauft\/\" title=\"DAHLIENKNOLLEN WERDEN VERKAUFT\">[&#8230;]<\/a><\/p>\n<\/div>","protected":false},"author":3,"featured_media":8800,"comment_status":"open","ping_status":"open","sticky":false,"template":"","format":"standard","meta":{"footnotes":""},"categories":[16],"tags":[],"class_list":{"0":"post-12824","1":"post","2":"type-post","3":"status-publish","4":"format-standard","5":"has-post-thumbnail","7":"category-kurzmitteilungen"},"_links":{"self":[{"href":"https:\/\/www.studiogera.de\/001\/wp-json\/wp\/v2\/posts\/12824","targetHints":{"allow":["GET"]}}],"collection":[{"href":"https:\/\/www.studiogera.de\/001\/wp-json\/wp\/v2\/posts"}],"about":[{"href":"https:\/\/www.studiogera.de\/001\/wp-json\/wp\/v2\/types\/post"}],"author":[{"embeddable":true,"href":"https:\/\/www.studiogera.de\/001\/wp-json\/wp\/v2\/users\/3"}],"replies":[{"embeddable":true,"href":"https:\/\/www.studiogera.de\/001\/wp-json\/wp\/v2\/comments?post=12824"}],"version-history":[{"count":2,"href":"https:\/\/www.studiogera.de\/001\/wp-json\/wp\/v2\/posts\/12824\/revisions"}],"predecessor-version":[{"id":12826,"href":"https:\/\/www.studiogera.de\/001\/wp-json\/wp\/v2\/posts\/12824\/revisions\/12826"}],"wp:featuredmedia":[{"embeddable":true,"href":"https:\/\/www.studiogera.de\/001\/wp-json\/wp\/v2\/media\/8800"}],"wp:attachment":[{"href":"https:\/\/www.studiogera.de\/001\/wp-json\/wp\/v2\/media?parent=12824"}],"wp:term":[{"taxonomy":"category","embeddable":true,"href":"https:\/\/www.studiogera.de\/001\/wp-json\/wp\/v2\/categories?post=12824"},{"taxonomy":"post_tag","embeddable":true,"href":"https:\/\/www.studiogera.de\/001\/wp-json\/wp\/v2\/tags?post=12824"}],"curies":[{"name":"wp","href":"https:\/\/api.w.org\/{rel}","templated":true}]}}