{"id":12852,"date":"2020-10-09T01:13:08","date_gmt":"2020-10-08T23:13:08","guid":{"rendered":"http:\/\/www.studiogera.de\/001\/?p=12852"},"modified":"2020-10-09T01:20:22","modified_gmt":"2020-10-08T23:20:22","slug":"maerchen-musical-der-gestiefelte-kater","status":"publish","type":"post","link":"https:\/\/www.studiogera.de\/001\/2020\/10\/09\/maerchen-musical-der-gestiefelte-kater\/","title":{"rendered":"M\u00c4RCHEN-MUSICAL \u201eDER GESTIEFELTE KATER\u201d"},"content":{"rendered":"\n<p>In diesem Jahr zeigt das Gie\u00dfener Kimugi-Theater eines der sch\u00f6nsten M\u00e4rchen der Gebr\u00fcder Grimm. Pr\u00e4sentiert wird \u201eDer gestiefelte Kater\u201d als M\u00e4rchen-Musical mit pr\u00e4chtigen Kost\u00fcmen, Tanz und Gesang. F\u00fcr das Gastspiel in Gera wird am Kultur- und Kongresszentrum ein M\u00e4rchenzelt mit bis zu 300 Sitzpl\u00e4tzen errichtet. Die Besucher erwartet keine &#8222;hypermoderne&#8220; Spektakel-Fabrik, sondern ein Familientheater in angenehmer Atmosph\u00e4re und mit besonderem Bezug zum Publikum. Das im Jahre 1832 gegr\u00fcndete Traditionstheater wird bereits in siebter Generation gef\u00fchrt.<\/p>\n\n\n\n<p>Das M\u00e4rchen handelt von einem M\u00fcller, der drei S\u00f6hne, einen Esel und einen Kater besa\u00df. Als der M\u00fcller starb, teilten sich die drei S\u00f6hne die Erbschaft. Der \u00e4lteste bekam die M\u00fchle, der zweite den Esel und der dritte den Kater. Weiter blieb nichts f\u00fcr ihn \u00fcbrig. Doch pl\u00f6tzlich sprach der Kater: \u201eLass mir ein Paar Stiefel machen, und dir soll schon bald geholfen sein.\u201c<\/p>\n\n\n\n<p>Trotz der derzeit schwierigen Umst\u00e4nde ist es dem Familienbetrieb gelungen, ein Konzept f\u00fcr Theater-Veranstaltungen zu entwickeln, und so das Gastspiel in Gera sicher und mit Abstimmung des Geraer Gesundheitsamtes stattfinden zu lassen.<\/p>\n\n\n\n<p>In der Zeit vom 23. Oktober bis 1. November gibt es folgende Zeiten f\u00fcr den Spielbeginn: donnerstags und freitags um 16 Uhr, samstags um 15 Uhr und sonntags um 11 Uhr. Am Montag, den 26. Oktober, Dienstag, den 27. Oktober, und Mittwoch, den 28. Oktober, finden keine Vorstellungen statt. Eintrittskarten sind ab 40 Minuten vor Beginn der Veranstaltung an der Tageskasse erh\u00e4ltlich. Weitere Informationen zum Kimugi-Theater sind unter der Adresse <a href=\"https:\/\/www.kimugi-theater.de\/\">https:\/\/www.kimugi-theater.de\/<\/a> zu finden.<\/p>\n\n\n\n<p>QUELLE: KIMUGI-THEATER<\/p>\n","protected":false},"excerpt":{"rendered":"<div class=\"mh-excerpt\"><p>In diesem Jahr zeigt das Gie\u00dfener Kimugi-Theater eines der sch\u00f6nsten M\u00e4rchen der Gebr\u00fcder Grimm. Pr\u00e4sentiert wird \u201eDer gestiefelte Kater\u201d als M\u00e4rchen-Musical mit pr\u00e4chtigen Kost\u00fcmen, Tanz und Gesang. F\u00fcr das Gastspiel in Gera wird am Kultur- <a class=\"mh-excerpt-more\" href=\"https:\/\/www.studiogera.de\/001\/2020\/10\/09\/maerchen-musical-der-gestiefelte-kater\/\" title=\"M\u00c4RCHEN-MUSICAL \u201eDER GESTIEFELTE KATER\u201d\">[&#8230;]<\/a><\/p>\n<\/div>","protected":false},"author":2,"featured_media":12853,"comment_status":"open","ping_status":"open","sticky":false,"template":"","format":"standard","meta":{"footnotes":""},"categories":[8],"tags":[],"class_list":{"0":"post-12852","1":"post","2":"type-post","3":"status-publish","4":"format-standard","5":"has-post-thumbnail","7":"category-kultur"},"_links":{"self":[{"href":"https:\/\/www.studiogera.de\/001\/wp-json\/wp\/v2\/posts\/12852","targetHints":{"allow":["GET"]}}],"collection":[{"href":"https:\/\/www.studiogera.de\/001\/wp-json\/wp\/v2\/posts"}],"about":[{"href":"https:\/\/www.studiogera.de\/001\/wp-json\/wp\/v2\/types\/post"}],"author":[{"embeddable":true,"href":"https:\/\/www.studiogera.de\/001\/wp-json\/wp\/v2\/users\/2"}],"replies":[{"embeddable":true,"href":"https:\/\/www.studiogera.de\/001\/wp-json\/wp\/v2\/comments?post=12852"}],"version-history":[{"count":2,"href":"https:\/\/www.studiogera.de\/001\/wp-json\/wp\/v2\/posts\/12852\/revisions"}],"predecessor-version":[{"id":12855,"href":"https:\/\/www.studiogera.de\/001\/wp-json\/wp\/v2\/posts\/12852\/revisions\/12855"}],"wp:featuredmedia":[{"embeddable":true,"href":"https:\/\/www.studiogera.de\/001\/wp-json\/wp\/v2\/media\/12853"}],"wp:attachment":[{"href":"https:\/\/www.studiogera.de\/001\/wp-json\/wp\/v2\/media?parent=12852"}],"wp:term":[{"taxonomy":"category","embeddable":true,"href":"https:\/\/www.studiogera.de\/001\/wp-json\/wp\/v2\/categories?post=12852"},{"taxonomy":"post_tag","embeddable":true,"href":"https:\/\/www.studiogera.de\/001\/wp-json\/wp\/v2\/tags?post=12852"}],"curies":[{"name":"wp","href":"https:\/\/api.w.org\/{rel}","templated":true}]}}