{"id":12858,"date":"2020-10-09T02:49:51","date_gmt":"2020-10-09T00:49:51","guid":{"rendered":"http:\/\/www.studiogera.de\/001\/?p=12858"},"modified":"2020-10-09T02:49:53","modified_gmt":"2020-10-09T00:49:53","slug":"corona-die-situation-in-den-betroffenen-schulen","status":"publish","type":"post","link":"https:\/\/www.studiogera.de\/001\/2020\/10\/09\/corona-die-situation-in-den-betroffenen-schulen\/","title":{"rendered":"CORONA \u2014 DIE SITUATION IN DEN BETROFFENEN SCHULEN"},"content":{"rendered":"\n<p>Drei Schulen im Stadtgebiet sind von den Auswirkungen der positiven PCR-Testergebnisse vom 7. Oktober 2020 betroffen: die Grundschule \u201eAm Bieblacher Hang\u201d, die zw\u00f6lfte Regelschule \u201eBieblacher Schule\u201d und das Karl-Theodor-Liebe-Gymnasium.<\/p>\n\n\n\n<p>In der Grundschule \u201eAm Bieblacher Hang\u201d lag bei einem Sch\u00fcler der Klassenstufe 4 ein positives Ergebnis vor, welches mit dem Ph\u00e4nomen Covid-19 assoziiert wird. Deshalb veranlasste das Gesundheitsamt am Mittag des selbigen Tages die Testung der gesamten Klasse sowie einer kleinen Sportgruppe. Die betroffene Klasse und voraussichtlich auch die Klassenleiterin und die Horterzieherin m\u00fcssen nun f\u00fcr 14 Tage in Quarant\u00e4ne, teilt die Schule auf ihrer Seite au\u00dferdem mit. Dar\u00fcber hinaus wurden die Fachlehrer dieser Klasse getestet. Gegenw\u00e4rtig befinden sich diese ebenfalls in Quarant\u00e4ne. Geschwisterkinder sind derzeit von der Testung nicht betroffen, da sie keine unmittelbaren Kontaktpersonen sind. Die Entscheidung \u00fcber die Dauer der Quarant\u00e4ne, aber auch \u00fcber die notwendige Testung, trifft das Gesundheitsamt. Die Klassen 3b und 4a werden am 8. und 9. Oktober nicht unterrichtet. Es kann aber eine Hortbetreuung genutzt werden, die zeitlich nicht eingeschr\u00e4nkt ist. Die Eltern der beiden Klassen sind \u00fcber dieses Vorgehen informiert.<\/p>\n\n\n\n<p>Die \u201eBieblacher Schule\u201d ist seit dem 7. Oktober 2020 bis auf Widerruf in Absprache mit dem Gesundheitsamt geschlossen, wie der Schulleiter auf der Seite der Einrichtung mitteilt.<\/p>\n\n\n\n<p>In der Klasse 8\/3 des Karl-Theodor-Liebe-Gymnasiums wurde am 7. Oktober eine Sch\u00fclerin positiv getestet. Der gesamten Klasse und den Kontaktpersonen aus dem Unterricht ist es seitdem verboten, die Schule zu betreten. Dies gilt zun\u00e4chst, bis die Testergebnisse vorliegen. Es kann laut Mitteilung auf der Schulseite zu massiven Ver\u00e4nderungen im Unterrichtsablauf kommen. Zum Zeitpunkt 8. Oktober 2020, 15.20 Uhr, waren die Testergebnisse noch nicht bekannt.<\/p>\n\n\n\n<p>Auf den Webseiten der jeweiligen Schulen wird der aktuelle Sachstand bekanntgegeben.<\/p>\n\n\n\n<p><a href=\"https:\/\/gs-bieblacherhang.de\">https:\/\/gs-bieblacherhang.de<\/a><\/p>\n\n\n\n<p><a href=\"https:\/\/rs12-gera.de\">https:\/\/rs12-gera.de<\/a><\/p>\n\n\n\n<p><a href=\"http:\/\/www.liebegymnasium.de\">http:\/\/www.liebegymnasium.de<\/a><\/p>\n","protected":false},"excerpt":{"rendered":"<div class=\"mh-excerpt\"><p>Drei Schulen im Stadtgebiet sind von den Auswirkungen der positiven PCR-Testergebnisse vom 7. Oktober 2020 betroffen: die Grundschule \u201eAm Bieblacher Hang\u201d, die zw\u00f6lfte Regelschule \u201eBieblacher Schule\u201d und das Karl-Theodor-Liebe-Gymnasium. In der Grundschule \u201eAm Bieblacher Hang\u201d <a class=\"mh-excerpt-more\" href=\"https:\/\/www.studiogera.de\/001\/2020\/10\/09\/corona-die-situation-in-den-betroffenen-schulen\/\" title=\"CORONA \u2014 DIE SITUATION IN DEN BETROFFENEN SCHULEN\">[&#8230;]<\/a><\/p>\n<\/div>","protected":false},"author":2,"featured_media":10624,"comment_status":"open","ping_status":"open","sticky":false,"template":"","format":"standard","meta":{"footnotes":""},"categories":[3],"tags":[],"class_list":{"0":"post-12858","1":"post","2":"type-post","3":"status-publish","4":"format-standard","5":"has-post-thumbnail","7":"category-lokal"},"_links":{"self":[{"href":"https:\/\/www.studiogera.de\/001\/wp-json\/wp\/v2\/posts\/12858","targetHints":{"allow":["GET"]}}],"collection":[{"href":"https:\/\/www.studiogera.de\/001\/wp-json\/wp\/v2\/posts"}],"about":[{"href":"https:\/\/www.studiogera.de\/001\/wp-json\/wp\/v2\/types\/post"}],"author":[{"embeddable":true,"href":"https:\/\/www.studiogera.de\/001\/wp-json\/wp\/v2\/users\/2"}],"replies":[{"embeddable":true,"href":"https:\/\/www.studiogera.de\/001\/wp-json\/wp\/v2\/comments?post=12858"}],"version-history":[{"count":1,"href":"https:\/\/www.studiogera.de\/001\/wp-json\/wp\/v2\/posts\/12858\/revisions"}],"predecessor-version":[{"id":12859,"href":"https:\/\/www.studiogera.de\/001\/wp-json\/wp\/v2\/posts\/12858\/revisions\/12859"}],"wp:featuredmedia":[{"embeddable":true,"href":"https:\/\/www.studiogera.de\/001\/wp-json\/wp\/v2\/media\/10624"}],"wp:attachment":[{"href":"https:\/\/www.studiogera.de\/001\/wp-json\/wp\/v2\/media?parent=12858"}],"wp:term":[{"taxonomy":"category","embeddable":true,"href":"https:\/\/www.studiogera.de\/001\/wp-json\/wp\/v2\/categories?post=12858"},{"taxonomy":"post_tag","embeddable":true,"href":"https:\/\/www.studiogera.de\/001\/wp-json\/wp\/v2\/tags?post=12858"}],"curies":[{"name":"wp","href":"https:\/\/api.w.org\/{rel}","templated":true}]}}