{"id":12863,"date":"2020-10-09T15:07:47","date_gmt":"2020-10-09T13:07:47","guid":{"rendered":"http:\/\/www.studiogera.de\/001\/?p=12863"},"modified":"2020-10-09T15:07:49","modified_gmt":"2020-10-09T13:07:49","slug":"das-theater-vom-9-bis-11-oktober-2020","status":"publish","type":"post","link":"https:\/\/www.studiogera.de\/001\/2020\/10\/09\/das-theater-vom-9-bis-11-oktober-2020\/","title":{"rendered":"DAS THEATER VOM 9. BIS 11. OKTOBER 2020"},"content":{"rendered":"\n<p>Aufgef\u00fchrt werden die Geschichte \u201eIrgendwie Anders\u201c, \u201eDer Barbier von Sevilla\u201c, die Kom\u00f6die \u201eDer Kontraba\u00df\u201c, das 279. Foyerkonzert und das Puppenspiel \u201eRapunzel\u201c mit kleinen Marionetten mit kleinen Marionetten.<\/p>\n\n\n\n<p>ALTENBURG<\/p>\n\n\n\n<p>Im Theaterzelt Altenburg spielt am Samstag um 10 Uhr Tobias Weishaupt f\u00fcr Kinder ab drei Jahren die Geschichte \u201eIrgendwie Anders\u201c nach dem Kinderbuch von Kathryn Cave und Chris Riddell. Hier werden beim Malern und Tapezieren pl\u00f6tzlich Lappen, Pinseln und Farbe zu Figuren mit besonderem Eigenleben. Das putzige Wesen Irgendwie Anders unterscheidet sich auf eine besondere Art und Weise von allen Anderen. Deshalb wollen die Anderen auch nicht mit ihm spielen \u2013 und dabei gibt sich Irgendwie Anders die gr\u00f6\u00dfte M\u00fche wie die Anderen zu sein. Ganz allein lebt es auf einem Berg und fragt sich, warum es irgendwie anders ist. Bis eines Tages das Etwas an seine T\u00fcr klopft. Gemeinsam lernen sie, dass Andersartigkeit kein Mangel, sondern eine Bereicherung ist.<\/p>\n\n\n\n<p>Die Spezialfassung von Gioacchino Rossinis turbulentem Meisterwerk \u201eDer Barbier von Sevilla\u201c hat am Samstag, 19.30 Uhr Premiere im Theaterzelt Altenburg. Nochmal zu sehen ist die Oper dort am Sonntag um 18 Uhr. M\u00f6glicherweise werden noch Restkarten verf\u00fcgbar sein.<br>Unter der musikalischen Leitung von Stefan Sanderling und in der Inszenierung von AnnaLisa Canton kommt die brillante Oper auf die B\u00fchne, die zu Recht zu den beliebtesten Musiktheaterwerken z\u00e4hlt. Bartolo, ein alter Junggeselle, m\u00f6chte sich mit der verm\u00f6genden Rosina verm\u00e4hlen. Um jeglichen unkontrollierten Kontakt der selbstbewussten Braut mit anderen M\u00e4nnern zu unterbinden, h\u00e4lt er sie in seinem Haus unter Quarant\u00e4ne. Graf Almaviva, der Rosina in Madrid einst kennen gelernt hatte und sich in sie verliebte, versucht unter falschem Namen und mit Hilfe des Barbiers Figaro sich seiner Geliebten zu n\u00e4hern. Doch Bartolo, gewarnt von dem opportunistischen Gesangslehrer Basilio, ist auf der Hut\u2026<\/p>\n\n\n\n<p>GERA<\/p>\n\n\n\n<p>\u201eDer Kontraba\u00df\u201c von Patrick S\u00fcskind z\u00e4hlt zu den ber\u00fchmtesten Schauspiel-Monologen und hat am Freitag um 19.30 Uhr auf der B\u00fchne am Park Premiere. Eine zweite Vorstellung folgt gleich am Samstag 19.30 Uhr ebendort. Ggf. sind noch Restkarten erh\u00e4ltlich. Markus Lingst\u00e4dt spielt die Ein-Mann-Kom\u00f6die mit viel Sprachwitz und erz\u00e4hlt von Leben und Leiden eines Orchestermusikers.<\/p>\n\n\n\n<p>Am Samstag um 19.30 Uhr pr\u00e4sentiert das Th\u00fcringer Staatsballett die Premiere \u201eTanz aus der Reihe\u201c im Gro\u00dfen Haus des Geraer Theaters. Die n\u00e4chste Vorstellung folgt dort am Sonntag um 18 Uhr. M\u00f6glicherweise werden noch Restkarten verf\u00fcgbar sein. F\u00fcr diese Gala hat Ballettdirektorin Silvana Schr\u00f6der eine Reihe zumeist eigener Choreografien zu einem abwechslungsreichen Programm zusammengestellt. Vom lyrischen Pas-de-Deux bis zum humorvollen Solo zeigt sich Ballett in kleiner Form mit gro\u00dfer Wirkung. Und sogar kontaktlose Konstellationen mehrerer Akteure werden zu sehen sein.<\/p>\n\n\n\n<p>Im 279. Foyerkonzert am Sonntag um 11 Uhr im Konzertsaal des Geraer Theaters f\u00fchren Maximilian H\u00f6rmeyer (Violine), Maria Holzer-Graf (Violine), Robert Hartung (Viola) und Viktoria Tater (Violoncello) das Streichquartett Nr. 3 in D-Dur von Ludwig van Beethoven sowie das Quartett Nr. 14 in d-Moll \u201eDer Tod und das M\u00e4dchen\u201c von Franz Schubert auf.<\/p>\n\n\n\n<p>Im Puppentheater spielt Marcella von Jan am Sonntag um 16 Uhr f\u00fcr Kinder ab vier Jahren das M\u00e4rchen \u201eRapunzel\u201c mit kleinen Marionetten. Diese Vorstellung ist bereits ausverkauft.<\/p>\n\n\n\n<p>Eintrittskarten sind an der Theaterkasse erh\u00e4ltlich. Diese k\u00f6nnen telefonisch unter der Rufnummer 0365 8279105 bzw. 03447 585160 sowie \u00fcber www.theater-altenburg-gera.de reserviert werden. Wegen der erforderlichen Erfassung von Kontaktdaten ist derzeit kein Kartenverkauf \u00fcber externe Vorverkaufsstellen m\u00f6glich. Es gelten die bekannten Corona-Regeln.<\/p>\n\n\n\n<p>QUELLE: THEATER ALTENBURG GERA GGMBH<\/p>\n","protected":false},"excerpt":{"rendered":"<div class=\"mh-excerpt\"><p>Aufgef\u00fchrt werden die Geschichte \u201eIrgendwie Anders\u201c, \u201eDer Barbier von Sevilla\u201c, die Kom\u00f6die \u201eDer Kontraba\u00df\u201c, das 279. Foyerkonzert und das Puppenspiel \u201eRapunzel\u201c mit kleinen Marionetten mit kleinen Marionetten. ALTENBURG Im Theaterzelt Altenburg spielt am Samstag um <a class=\"mh-excerpt-more\" href=\"https:\/\/www.studiogera.de\/001\/2020\/10\/09\/das-theater-vom-9-bis-11-oktober-2020\/\" title=\"DAS THEATER VOM 9. BIS 11. OKTOBER 2020\">[&#8230;]<\/a><\/p>\n<\/div>","protected":false},"author":2,"featured_media":12864,"comment_status":"open","ping_status":"open","sticky":false,"template":"","format":"standard","meta":{"footnotes":""},"categories":[15],"tags":[],"class_list":{"0":"post-12863","1":"post","2":"type-post","3":"status-publish","4":"format-standard","5":"has-post-thumbnail","7":"category-theater"},"_links":{"self":[{"href":"https:\/\/www.studiogera.de\/001\/wp-json\/wp\/v2\/posts\/12863","targetHints":{"allow":["GET"]}}],"collection":[{"href":"https:\/\/www.studiogera.de\/001\/wp-json\/wp\/v2\/posts"}],"about":[{"href":"https:\/\/www.studiogera.de\/001\/wp-json\/wp\/v2\/types\/post"}],"author":[{"embeddable":true,"href":"https:\/\/www.studiogera.de\/001\/wp-json\/wp\/v2\/users\/2"}],"replies":[{"embeddable":true,"href":"https:\/\/www.studiogera.de\/001\/wp-json\/wp\/v2\/comments?post=12863"}],"version-history":[{"count":1,"href":"https:\/\/www.studiogera.de\/001\/wp-json\/wp\/v2\/posts\/12863\/revisions"}],"predecessor-version":[{"id":12865,"href":"https:\/\/www.studiogera.de\/001\/wp-json\/wp\/v2\/posts\/12863\/revisions\/12865"}],"wp:featuredmedia":[{"embeddable":true,"href":"https:\/\/www.studiogera.de\/001\/wp-json\/wp\/v2\/media\/12864"}],"wp:attachment":[{"href":"https:\/\/www.studiogera.de\/001\/wp-json\/wp\/v2\/media?parent=12863"}],"wp:term":[{"taxonomy":"category","embeddable":true,"href":"https:\/\/www.studiogera.de\/001\/wp-json\/wp\/v2\/categories?post=12863"},{"taxonomy":"post_tag","embeddable":true,"href":"https:\/\/www.studiogera.de\/001\/wp-json\/wp\/v2\/tags?post=12863"}],"curies":[{"name":"wp","href":"https:\/\/api.w.org\/{rel}","templated":true}]}}