{"id":12866,"date":"2020-10-09T15:22:06","date_gmt":"2020-10-09T13:22:06","guid":{"rendered":"http:\/\/www.studiogera.de\/001\/?p=12866"},"modified":"2020-10-09T15:22:24","modified_gmt":"2020-10-09T13:22:24","slug":"schauspielpremiere-der-kontrabass-in-gera","status":"publish","type":"post","link":"https:\/\/www.studiogera.de\/001\/2020\/10\/09\/schauspielpremiere-der-kontrabass-in-gera\/","title":{"rendered":"SCHAUSPIELPREMIERE \u201eDER KONTRABASS\u201c IN GERA"},"content":{"rendered":"\n<p>Das Theater Altenburg Gera pr\u00e4sentiert in seinem Sonderspielplan Programme mit Sicherheitsabstand. So kommt der bekannte Monolog \u201eDer Kontraba\u00df\u201c von Patrick S\u00fcskind am Freitag, den 9. Oktober 2020, um 19.30 Uhr auf der B\u00fchne am Park neben dem Theater zur Premiere. Schauspieldirektor Manuel Kressin inszeniert das St\u00fcck mit Markus Lingst\u00e4dt in der Titelrolle.<\/p>\n\n\n\n<p>\u201eDer Kontraba\u00df\u201c, uraufgef\u00fchrt 1981 am M\u00fcnchner Cuvilli\u00e9s-Theater, wurde in 28 Sprachen \u00fcbersetzt und z\u00e4hlt bis heute zu den meistgespielten deutschsprachigen St\u00fccken \u00fcberhaupt. Die Ein-Mann-Kom\u00f6die von Patrick S\u00fcskind, geboren 1941, erz\u00e4hlt mit viel Sprachwitz und einem Blick hinter die Kulissen der Theaterwelt vom Leben und den Leiden eines Orchestermusikers.<\/p>\n\n\n\n<p>Das Leben als Kontrabassist ist hart. Im gro\u00dfen Orchester h\u00f6rt man das einzelne Instrument ohnehin kaum heraus, und unpraktisch ist so ein klobiges Ding sowieso. Statt als vom Publikum umjubelter Star, verbringt der ern\u00fcchterte Protagonist seinen Alltag als Hinterb\u00e4nkler am dritten Pult in einem st\u00e4dtischen Orchester.<\/p>\n\n\n\n<p>Das St\u00fcck ist in Gera au\u00dferdem an folgenden Tagen zu sehen:<\/p>\n\n\n\n<p>Samstag, 10. Oktober 2020, 19.30 Uhr<br>Freitag, 16. Oktober 2020, 19.30 Uhr<br>Samstag, 31. Oktober 2020, 19.30 Uhr<br>Donnerstag, 5. November 2020, 18 Uhr<br>Freitag, 4. Dezember 2020, 19.30 Uhr<br>Freitag, 25. Dezember 2020, 19.30 Uhr<\/p>\n\n\n\n<p>Im Altenburger Theaterzelt ist das St\u00fcck ab Sonntag, den 22. November 2020, 18 Uhr zu sehen.<\/p>\n\n\n\n<p>Eintrittskarten sind an der Theaterkasse erh\u00e4ltlich. Diese k\u00f6nnen telefonisch unter der Rufnummer 0365 8279105 bzw. 03447 585160 sowie \u00fcber www.theater-altenburg-gera.de reserviert werden. Wegen der erforderlichen Erfassung von Kontaktdaten ist derzeit kein Kartenverkauf \u00fcber externe Vorverkaufsstellen m\u00f6glich. Es gelten die bekannten Corona-Regeln.<\/p>\n\n\n\n<p>QUELLE: THEATER ALTENBURG GERA GGMBH<\/p>\n","protected":false},"excerpt":{"rendered":"<div class=\"mh-excerpt\"><p>Das Theater Altenburg Gera pr\u00e4sentiert in seinem Sonderspielplan Programme mit Sicherheitsabstand. So kommt der bekannte Monolog \u201eDer Kontraba\u00df\u201c von Patrick S\u00fcskind am Freitag, den 9. Oktober 2020, um 19.30 Uhr auf der B\u00fchne am Park <a class=\"mh-excerpt-more\" href=\"https:\/\/www.studiogera.de\/001\/2020\/10\/09\/schauspielpremiere-der-kontrabass-in-gera\/\" title=\"SCHAUSPIELPREMIERE \u201eDER KONTRABASS\u201c IN GERA\">[&#8230;]<\/a><\/p>\n<\/div>","protected":false},"author":2,"featured_media":12867,"comment_status":"open","ping_status":"open","sticky":false,"template":"","format":"standard","meta":{"footnotes":""},"categories":[15],"tags":[],"class_list":{"0":"post-12866","1":"post","2":"type-post","3":"status-publish","4":"format-standard","5":"has-post-thumbnail","7":"category-theater"},"_links":{"self":[{"href":"https:\/\/www.studiogera.de\/001\/wp-json\/wp\/v2\/posts\/12866","targetHints":{"allow":["GET"]}}],"collection":[{"href":"https:\/\/www.studiogera.de\/001\/wp-json\/wp\/v2\/posts"}],"about":[{"href":"https:\/\/www.studiogera.de\/001\/wp-json\/wp\/v2\/types\/post"}],"author":[{"embeddable":true,"href":"https:\/\/www.studiogera.de\/001\/wp-json\/wp\/v2\/users\/2"}],"replies":[{"embeddable":true,"href":"https:\/\/www.studiogera.de\/001\/wp-json\/wp\/v2\/comments?post=12866"}],"version-history":[{"count":2,"href":"https:\/\/www.studiogera.de\/001\/wp-json\/wp\/v2\/posts\/12866\/revisions"}],"predecessor-version":[{"id":12869,"href":"https:\/\/www.studiogera.de\/001\/wp-json\/wp\/v2\/posts\/12866\/revisions\/12869"}],"wp:featuredmedia":[{"embeddable":true,"href":"https:\/\/www.studiogera.de\/001\/wp-json\/wp\/v2\/media\/12867"}],"wp:attachment":[{"href":"https:\/\/www.studiogera.de\/001\/wp-json\/wp\/v2\/media?parent=12866"}],"wp:term":[{"taxonomy":"category","embeddable":true,"href":"https:\/\/www.studiogera.de\/001\/wp-json\/wp\/v2\/categories?post=12866"},{"taxonomy":"post_tag","embeddable":true,"href":"https:\/\/www.studiogera.de\/001\/wp-json\/wp\/v2\/tags?post=12866"}],"curies":[{"name":"wp","href":"https:\/\/api.w.org\/{rel}","templated":true}]}}