{"id":12870,"date":"2020-10-09T20:49:23","date_gmt":"2020-10-09T18:49:23","guid":{"rendered":"http:\/\/www.studiogera.de\/001\/?p=12870"},"modified":"2020-10-09T20:49:24","modified_gmt":"2020-10-09T18:49:24","slug":"das-museum-fuer-naturkunde-in-den-herbstferien","status":"publish","type":"post","link":"https:\/\/www.studiogera.de\/001\/2020\/10\/09\/das-museum-fuer-naturkunde-in-den-herbstferien\/","title":{"rendered":"DAS MUSEUM F\u00dcR NATURKUNDE IN DEN HERBSTFERIEN"},"content":{"rendered":"\n<p>W\u00e4hrend der Herbstferien 2020 bietet das Museum f\u00fcr Naturkunde zehn \u00f6ffentliche Veranstaltungen f\u00fcr Kinder, Jugendliche und die ganze Familie an.<\/p>\n\n\n\n<p>Am 18. Oktober sowie vom 20. bis 23. Oktober 2020 hei\u00dft es jeweils t\u00e4glich \u201eWollhaarmammut, Wollhaarnashorn, H\u00f6hlenhy\u00e4ne und H\u00f6hlenb\u00e4r\u201c. Die Veranstaltung besch\u00e4ftigt sich mit der Eiszeit. Diese hat gewaltige Spuren in der Landschaft hinterlassen, da Eisschilde gro\u00dfe Regionen umformten. Bis heute finden sich h\u00e4ufig \u00dcberreste der gro\u00dfen S\u00e4ugetiere dieser Epoche der Erdgeschichte \u2013 auch vielerorts in Gera und Umgebung. Das Wollhaarmammut, das Wollhaarnashorn, die H\u00f6hlenhy\u00e4ne und der H\u00f6hlenb\u00e4r werden per Bild und anhand echter fossiler Knochen und Z\u00e4hne aus dem Raum Gera vorgestellt. Anschlie\u00dfend k\u00f6nnen die Teilnehmer und Teilnehmerinnen eine H\u00f6hlenzeichnung eines Wollhaarnashorns durch \u201eKratzen\u201c mit echtem H\u00e4matit-Eisenerz auf einer Keramikplatte zum Mitnehmen anfertigen.<\/p>\n\n\n\n<p>Unter dem Motto \u201eFischotter und Biber \u2013 Zwei Bewohner von Bach und Fluss\u201c werden am 25. Oktober sowie vom 27. bis 30. Oktober 2020 jeweils t\u00e4glich 14 Uhr diese beiden tierischen Nager vorgestellt \u2013 unter anderem als echte Tierpr\u00e4parate. In einem Suchspiel gilt es, den \u201eSpeiseplan\u201c beider Tierarten zusammenzustellen. Au\u00dferdem erh\u00e4lt jeder Teilnehmer einen Erlebnisf\u00fchrer zu den Fl\u00fcssen in Th\u00fcringen. In einem Ausmalbild m\u00fcssen anschlie\u00dfend fehlende Details des K\u00f6rperbaus beider Tierarten erg\u00e4nzt werden.<\/p>\n\n\n\n<p>P\u00fcnktlich zu den Herbstferien bietet das Museum f\u00fcr Naturkunde seinen G\u00e4sten auch die neue Kabinettsausstellung \u201eSpuren im Wald\u201c als ideale Vorbereitung f\u00fcr einen herbstlichen oder winterlichen Waldspaziergang an.<\/p>\n\n\n\n<p>Es wird dringend empfohlen, sich telefonisch anzumelden, da die Gruppengr\u00f6\u00dfen aufgrund der geltenden Abstandsgebote stark limitiert sind. Au\u00dferdem wird gebeten, Federmappe mit Buntstiften und einem Bleistift mitzubringen. Das Tragen einer Mund-Nase-Bedeckung ist im Museum f\u00fcr Naturkunde verpflichtend. Au\u00dferdem m\u00fcssen f\u00fcr den Fall der Kontaktnachverfolgung zwingend Kontaktdaten aufgenommen werden, die nach vier Wochen vernichtet werden. G\u00e4ste mit erkennbaren grippeartigen Symptomen d\u00fcrfen das Museum f\u00fcr Naturkunde Gera nicht betreten.<\/p>\n\n\n\n<p>QUELLE: STADTVERWALTUNG<\/p>\n","protected":false},"excerpt":{"rendered":"<div class=\"mh-excerpt\"><p>W\u00e4hrend der Herbstferien 2020 bietet das Museum f\u00fcr Naturkunde zehn \u00f6ffentliche Veranstaltungen f\u00fcr Kinder, Jugendliche und die ganze Familie an. Am 18. Oktober sowie vom 20. bis 23. Oktober 2020 hei\u00dft es jeweils t\u00e4glich \u201eWollhaarmammut, <a class=\"mh-excerpt-more\" href=\"https:\/\/www.studiogera.de\/001\/2020\/10\/09\/das-museum-fuer-naturkunde-in-den-herbstferien\/\" title=\"DAS MUSEUM F\u00dcR NATURKUNDE IN DEN HERBSTFERIEN\">[&#8230;]<\/a><\/p>\n<\/div>","protected":false},"author":2,"featured_media":12871,"comment_status":"open","ping_status":"open","sticky":false,"template":"","format":"standard","meta":{"footnotes":""},"categories":[8],"tags":[],"class_list":{"0":"post-12870","1":"post","2":"type-post","3":"status-publish","4":"format-standard","5":"has-post-thumbnail","7":"category-kultur"},"_links":{"self":[{"href":"https:\/\/www.studiogera.de\/001\/wp-json\/wp\/v2\/posts\/12870","targetHints":{"allow":["GET"]}}],"collection":[{"href":"https:\/\/www.studiogera.de\/001\/wp-json\/wp\/v2\/posts"}],"about":[{"href":"https:\/\/www.studiogera.de\/001\/wp-json\/wp\/v2\/types\/post"}],"author":[{"embeddable":true,"href":"https:\/\/www.studiogera.de\/001\/wp-json\/wp\/v2\/users\/2"}],"replies":[{"embeddable":true,"href":"https:\/\/www.studiogera.de\/001\/wp-json\/wp\/v2\/comments?post=12870"}],"version-history":[{"count":1,"href":"https:\/\/www.studiogera.de\/001\/wp-json\/wp\/v2\/posts\/12870\/revisions"}],"predecessor-version":[{"id":12872,"href":"https:\/\/www.studiogera.de\/001\/wp-json\/wp\/v2\/posts\/12870\/revisions\/12872"}],"wp:featuredmedia":[{"embeddable":true,"href":"https:\/\/www.studiogera.de\/001\/wp-json\/wp\/v2\/media\/12871"}],"wp:attachment":[{"href":"https:\/\/www.studiogera.de\/001\/wp-json\/wp\/v2\/media?parent=12870"}],"wp:term":[{"taxonomy":"category","embeddable":true,"href":"https:\/\/www.studiogera.de\/001\/wp-json\/wp\/v2\/categories?post=12870"},{"taxonomy":"post_tag","embeddable":true,"href":"https:\/\/www.studiogera.de\/001\/wp-json\/wp\/v2\/tags?post=12870"}],"curies":[{"name":"wp","href":"https:\/\/api.w.org\/{rel}","templated":true}]}}