{"id":12873,"date":"2020-10-09T21:24:20","date_gmt":"2020-10-09T19:24:20","guid":{"rendered":"http:\/\/www.studiogera.de\/001\/?p=12873"},"modified":"2020-10-09T21:24:20","modified_gmt":"2020-10-09T19:24:20","slug":"quarantaene-und-sperrzeiten-als-teil-der-neuen-normalitaet","status":"publish","type":"post","link":"https:\/\/www.studiogera.de\/001\/2020\/10\/09\/quarantaene-und-sperrzeiten-als-teil-der-neuen-normalitaet\/","title":{"rendered":"QUARANT\u00c4NE UND SPERRZEITEN ALS TEIL DER NEUEN NORMALIT\u00c4T"},"content":{"rendered":"\n<p>\u201eDas Virus ist da und bleibt uns lebenslang erhalten\u201d, stellte der Virologe Hendrik Streeck am Donnerstag, den 1. Oktober 2020, in der Fernsehsendung von Markus Lanz klar. Aber wohin wird das bei gleichzeitiger Ausweitung der PCR-Tests f\u00fchren? Das fragen sich derzeit immer mehr Menschen mit Blick auf die kommenden Monate, und gehen davon aus, dass die neuen Verhaltensregeln mitsamt der hinzukommenden Einschr\u00e4nkungen dauerhaft bestehen bleiben.<\/p>\n\n\n\n<p>In der ARD-Sendung Monitor konstatierte man am 2. April 2020, kurz nach Beginn der Phase-I-Beschr\u00e4nkungen, folgendes (siehe \u201e<a href=\"https:\/\/www.daserste.de\/information\/politik-weltgeschehen\/monitor\/videosextern\/eingriff-in-die-grundrechte-wie-weit-geht-der-staat-100.html\">https:\/\/www.daserste.de\/information\/politik-weltgeschehen\/monitor\/videosextern\/eingriff-in-die-grundrechte-wie-weit-geht-der-staat-100.html<\/a>\u201d: Elementare Grundrechte wurden aufgehoben oder massiv eingeschr\u00e4nkt. Artikel 8, Versammlungsfreiheit, wurde praktisch vollst\u00e4ndig aufgehoben, ebenso Artikel 2, die Freiheit der Person, Artikel 11, die Freiz\u00fcgigkeit, Artikel 13, die Unverletzlichkeit der Wohnung, Artikel 12, die Freiheit der Berufsaus\u00fcbung, Artikel 14, die Eigentumsgarantie.<\/p>\n\n\n\n<p>Mittlerweile sind zehnmal soviele Tests wie in den Monaten April und Mai n\u00f6tig, um die sogenannten Infektionszahlen ansteigen zu lassen. Nach \u201eFlatten the curve\u201d, Verdoppelungszeit und dem R-Wert verleiht diese Zahl der Sache gegenw\u00e4rtig die h\u00f6chste Dramatik. Von einer Herdenimmunit\u00e4t ist gar keine Rede mehr, stattdessen von einer neuen Solidarit\u00e4t, mit der Maske als Symbol der Freiheit (siehe \u201e<a href=\"https:\/\/www.stern.de\/gesundheit\/kolumne--warum-die-maske-ein-symbol-unserer-freiheit-ist-9434834.html?utm_campaign=stern_fanpage&amp;utm_medium=posting&amp;utm_source=facebook&amp;fbclid=IwAR0Oy1kTtOJEl_0MigfMl-Efz6qqNIaNnlw2vfHnmez4BZsgV_YscP3TPGY\">https:\/\/www.stern.de\/gesundheit\/kolumne&#8211;warum-die-maske-ein-symbol-unserer-freiheit-ist-9434834.html?utm_campaign=stern_fanpage&amp;utm_medium=posting&amp;utm_source=facebook&amp;fbclid=IwAR0Oy1kTtOJEl_0MigfMl-Efz6qqNIaNnlw2vfHnmez4BZsgV_YscP3TPGY<\/a>\u201d). Nun ist es absehbar, dass die Gro\u00dfst\u00e4dte nach und nach zu Risikogebieten erkl\u00e4rt werden. Wer sie verlassen m\u00f6chte, ben\u00f6tigt vielleicht schon bald eine Bescheinigung, die sich zun\u00e4chst auf das Testergebnis bezieht, und sp\u00e4ter auf die &#8222;freiwillige&#8220; Impfung, welche st\u00e4ndig erneuert werden muss. Vorher aber wird die Maske auch im Freien zur Pflicht werden.<\/p>\n\n\n\n<p>Mit der Argumentation, man m\u00fcsse sich einschr\u00e4nken, um andere Menschen zu sch\u00fctzen, kann man die Freiheit beliebig eingrenzen, und zwar so, dass es die Mehrheit f\u00fcr eine moralische Notwendigkeit h\u00e4lt. Es wird schlie\u00dflich immer jemanden geben, der schw\u00e4cher ist, als man selbst.<\/p>\n\n\n\n<p>Das RKI schrieb allerdings auch in seinem zur\u00fcckliegenden Wochenbericht: \u201eSeit der 16. KW 2020 gab es keine Nachweise mehr von SARS-CoV-2 im Sentinel\u201d. Beim Sentinel-Programm handelt es sich um ein repr\u00e4sentatives \u201eSentinelsystem (\u2026), das im europ\u00e4ischen Rahmen einen Spitzenplatz einnimmt\u201d, schreibt das RKI. Es gebe \u201eeinen \u00dcberblick \u00fcber die epidemiologische Situation der akuten Atemwegserkrankungen im Allgemeinen und der Influenza im Besonderen.\u201d In diesem Programm, das hei\u00dft, in den teilnehmenden Arztpraxen, ist das Virus seit April nicht mehr erschienen.<\/p>\n\n\n\n<p>Der Soziologe Prof. Harald Welzer glaubt, dass die w\u00e4hrend der Pandemie bewiesene Eigenverantwortung als Vorbild in unserer Demokratie taugt. \u201eDass wir vielleicht lernen, dass eine Demokratie nur funktioniert, wenn sich die B\u00fcrgerinnen und B\u00fcrger selber als verantwortlich daf\u00fcr empfinden.\u201d \u00dcber die erweiterte Maskenpflicht sprach die Bundeskanzlerin mit den Oberh\u00e4uptern von elf deutschen St\u00e4dten am 9. Oktober 2020, au\u00dferdem \u00fcber Kontaktbeschr\u00e4nkungen und Sperrstunden. Anschlie\u00dfend appellierte sie erneut an die B\u00fcrger, sich umsichtig zu verhalten. Es zeigt sich, dass die W\u00f6rter Freiheit und Demokratie immer mehr mit Begriffen verkn\u00fcpft werden, die zu einer v\u00f6llig neuen Auffassung dieser Werte f\u00fchren.<\/p>\n\n\n\n<p>INTERPRETATION<\/p>\n","protected":false},"excerpt":{"rendered":"<div class=\"mh-excerpt\"><p>\u201eDas Virus ist da und bleibt uns lebenslang erhalten\u201d, stellte der Virologe Hendrik Streeck am Donnerstag, den 1. Oktober 2020, in der Fernsehsendung von Markus Lanz klar. Aber wohin wird das bei gleichzeitiger Ausweitung der <a class=\"mh-excerpt-more\" href=\"https:\/\/www.studiogera.de\/001\/2020\/10\/09\/quarantaene-und-sperrzeiten-als-teil-der-neuen-normalitaet\/\" title=\"QUARANT\u00c4NE UND SPERRZEITEN ALS TEIL DER NEUEN NORMALIT\u00c4T\">[&#8230;]<\/a><\/p>\n<\/div>","protected":false},"author":2,"featured_media":12874,"comment_status":"open","ping_status":"open","sticky":false,"template":"","format":"standard","meta":{"footnotes":""},"categories":[6],"tags":[],"class_list":{"0":"post-12873","1":"post","2":"type-post","3":"status-publish","4":"format-standard","5":"has-post-thumbnail","7":"category-gesellschaft"},"_links":{"self":[{"href":"https:\/\/www.studiogera.de\/001\/wp-json\/wp\/v2\/posts\/12873","targetHints":{"allow":["GET"]}}],"collection":[{"href":"https:\/\/www.studiogera.de\/001\/wp-json\/wp\/v2\/posts"}],"about":[{"href":"https:\/\/www.studiogera.de\/001\/wp-json\/wp\/v2\/types\/post"}],"author":[{"embeddable":true,"href":"https:\/\/www.studiogera.de\/001\/wp-json\/wp\/v2\/users\/2"}],"replies":[{"embeddable":true,"href":"https:\/\/www.studiogera.de\/001\/wp-json\/wp\/v2\/comments?post=12873"}],"version-history":[{"count":2,"href":"https:\/\/www.studiogera.de\/001\/wp-json\/wp\/v2\/posts\/12873\/revisions"}],"predecessor-version":[{"id":12876,"href":"https:\/\/www.studiogera.de\/001\/wp-json\/wp\/v2\/posts\/12873\/revisions\/12876"}],"wp:featuredmedia":[{"embeddable":true,"href":"https:\/\/www.studiogera.de\/001\/wp-json\/wp\/v2\/media\/12874"}],"wp:attachment":[{"href":"https:\/\/www.studiogera.de\/001\/wp-json\/wp\/v2\/media?parent=12873"}],"wp:term":[{"taxonomy":"category","embeddable":true,"href":"https:\/\/www.studiogera.de\/001\/wp-json\/wp\/v2\/categories?post=12873"},{"taxonomy":"post_tag","embeddable":true,"href":"https:\/\/www.studiogera.de\/001\/wp-json\/wp\/v2\/tags?post=12873"}],"curies":[{"name":"wp","href":"https:\/\/api.w.org\/{rel}","templated":true}]}}