{"id":12938,"date":"2020-10-14T23:15:07","date_gmt":"2020-10-14T21:15:07","guid":{"rendered":"http:\/\/www.studiogera.de\/001\/?p=12938"},"modified":"2020-10-15T10:13:01","modified_gmt":"2020-10-15T08:13:01","slug":"bund-und-laender-einigen-sich-auf-strengere-restriktionen","status":"publish","type":"post","link":"https:\/\/www.studiogera.de\/001\/2020\/10\/14\/bund-und-laender-einigen-sich-auf-strengere-restriktionen\/","title":{"rendered":"BUND UND L\u00c4NDER EINIGEN SICH AUF STRENGERE RESTRIKTIONEN"},"content":{"rendered":"\n<p>Bundeskanzlerin Angela Merkel und die Ministerpr\u00e4sidenten der L\u00e4nder sprachen am 14. Oktober 2020 in der Zeit von 14 Uhr bis 22 Uhr im Kanzleramt \u00fcber die Erweiterung und Vereinheitlichung der Corona-Ma\u00dfnahmen. Es war das erste pers\u00f6nliche Treffen seit vier Monaten. Als Grund f\u00fcr die Einberufung der Konferenz wurden steigende Infektionszahlen genannt. Der Deutschen Presseagentur war der Entwurf f\u00fcr die Beschlussvorlage schon vorab \u00fcbermittelt worden, berichten mehrere Rundfunkanstalten.<\/p>\n\n\n\n<p>Die Bundeskanzlerin dr\u00e4ngt auf strengere Restriktionen und forderte die L\u00e4nder auf, einen \u201ebeherzten Schritt\u201d zu machen. Auch Bayerns Ministerpr\u00e4sident S\u00f6der fordert einheitlichere und strengere Regeln. Reporter berichteten von z\u00e4hen Gespr\u00e4chen. Merkel habe sich in der Sitzung f\u00fcr deutlich h\u00e4rtere Restriktionen ausgesprochen.<\/p>\n\n\n\n<p>Geeinigt hat man sich auf folgende Regeln: Ab einem Wochenzuwachs von 35 Testpositiven B\u00fcrgern pro 100&#8217;000 Einwohnern muss die Maske auch im Freien an belebten Orten getragen werden. \u00dcberschreitet der genannte Wert die Zahl 50, gilt eine Sperrzeit f\u00fcr die Gastronomie ab 23 Uhr. Bars und Diskotheken m\u00fcssen geschlossen bleiben. Im \u00f6ffentlichen Raum d\u00fcrfen sich dann nur noch h\u00f6chstens zehn Menschen aus zwei Haushaltungen treffen. Das Feiern in Lokalen ist nach \u00dcberschreitung des genannten Schwellenwertes nur noch mit h\u00f6chstens zehn Leuten erlaubt.<\/p>\n\n\n\n<p>Kontrovers diskutiert wurde \u00fcber das Beherbergungsverbot. Dieses Thema wurde auf den 8. November vertagt, und wird somit erst nach den Herbstferien behandelt. Ebenfalls im November soll eine digitale Einreiseanmeldung geschaffen werden.<\/p>\n\n\n\n<p>Wenn die Zahl der positiv getesteten Personen nicht binnen zehn Tagen zum Stillstand kommt, seien laut Beschlussvorlage \u201eweitere Beschr\u00e4nkungsschritte unvermeidlich, um \u00f6ffentliche Kontakte weitergehend zu reduzieren\u201d.<\/p>\n\n\n\n<p>Geplant ist auch eine neue Teststrategie, welche am 8. November 2020 beginnen soll. Der Fokus wird auf Risikogruppen und dem Gesundheitswesen liegen, weniger auf Reiser\u00fcckkehrer. Pflegeheime und Krankenh\u00e4user k\u00f6nnen dann sogenannte Antigen-Schnelltests nutzen.<\/p>\n\n\n\n<p>In der anschlie\u00dfenden Pressekonferenz sagte die Bundeskanzlerin ab 22.15 Uhr, gemeinsames Ziel sei es, Kontakte nachzuverfolgen. Man befinde sich bereits in der exponentiellen Phase. Verfolgt werde eine sogenannte Hotspot-Strategie. Mann m\u00fcsse bedenken, dass die heutigen Zahlen das Geschehen von vor zehn Tagen widerspiegelten. Die Zahl der Kontakte sei sehr ma\u00dfgeblich f\u00fcr die Ausbreitung der Infektion. Merkel rief dazu auf, von nicht notwendigen Reisen abzusehen und appellierte an die B\u00fcrger, mitzumachen beim Befolgen der Regeln.<\/p>\n\n\n\n<p>Michael M\u00fcller, Berlins Regierender B\u00fcrgermeister, sagte ab 22.23 Uhr, wenn man weitere tiefeinschneidende Ma\u00dfnahmen vermeiden wolle, komme es jetzt auf die n\u00e4chsten Wochen an, und ebenso darauf, ob sie von allen mitgetragen werden. In der anschlie\u00dfenden Journalisten-Fragerunde warnte er, es seien in Ernstfall noch deutlich h\u00e4rtere Regeln denkbar.<\/p>\n\n\n\n<p>Bayerns Ministerpr\u00e4sident Markus S\u00f6der sagte ab 22.28 Uhr, wir seien dem zweiten Lockdown viel n\u00e4her, als wir es wahrhaben wollen. Sollte dieser kommen, wird das f\u00fcr Deutschland erhebliche Sch\u00e4digungen zur Folge haben. Er lobte die Einheitlichkeit und Verst\u00e4ndlichkeit der nun vereinbarten Regeln. Dahinter stehe die Philosophie \u201emehr Maske, weniger Alkohol und deutlich weniger Feiern\u201d. Es gehe darum, Risikogruppen zu sch\u00fctzen. Es stehe viel auf dem Spiel und man brauche einen langen Atem.<\/p>\n\n\n\n<p>Die Pressekonferenz endete um 22.57 Uhr. Dieser Artikel wurde ver\u00f6ffentlicht um 23.15 Uhr.<\/p>\n","protected":false},"excerpt":{"rendered":"<div class=\"mh-excerpt\"><p>Bundeskanzlerin Angela Merkel und die Ministerpr\u00e4sidenten der L\u00e4nder sprachen am 14. Oktober 2020 in der Zeit von 14 Uhr bis 22 Uhr im Kanzleramt \u00fcber die Erweiterung und Vereinheitlichung der Corona-Ma\u00dfnahmen. Es war das erste <a class=\"mh-excerpt-more\" href=\"https:\/\/www.studiogera.de\/001\/2020\/10\/14\/bund-und-laender-einigen-sich-auf-strengere-restriktionen\/\" title=\"BUND UND L\u00c4NDER EINIGEN SICH AUF STRENGERE RESTRIKTIONEN\">[&#8230;]<\/a><\/p>\n<\/div>","protected":false},"author":2,"featured_media":12939,"comment_status":"open","ping_status":"open","sticky":false,"template":"","format":"standard","meta":{"footnotes":""},"categories":[2],"tags":[],"class_list":{"0":"post-12938","1":"post","2":"type-post","3":"status-publish","4":"format-standard","5":"has-post-thumbnail","7":"category-weltweit"},"_links":{"self":[{"href":"https:\/\/www.studiogera.de\/001\/wp-json\/wp\/v2\/posts\/12938","targetHints":{"allow":["GET"]}}],"collection":[{"href":"https:\/\/www.studiogera.de\/001\/wp-json\/wp\/v2\/posts"}],"about":[{"href":"https:\/\/www.studiogera.de\/001\/wp-json\/wp\/v2\/types\/post"}],"author":[{"embeddable":true,"href":"https:\/\/www.studiogera.de\/001\/wp-json\/wp\/v2\/users\/2"}],"replies":[{"embeddable":true,"href":"https:\/\/www.studiogera.de\/001\/wp-json\/wp\/v2\/comments?post=12938"}],"version-history":[{"count":9,"href":"https:\/\/www.studiogera.de\/001\/wp-json\/wp\/v2\/posts\/12938\/revisions"}],"predecessor-version":[{"id":12948,"href":"https:\/\/www.studiogera.de\/001\/wp-json\/wp\/v2\/posts\/12938\/revisions\/12948"}],"wp:featuredmedia":[{"embeddable":true,"href":"https:\/\/www.studiogera.de\/001\/wp-json\/wp\/v2\/media\/12939"}],"wp:attachment":[{"href":"https:\/\/www.studiogera.de\/001\/wp-json\/wp\/v2\/media?parent=12938"}],"wp:term":[{"taxonomy":"category","embeddable":true,"href":"https:\/\/www.studiogera.de\/001\/wp-json\/wp\/v2\/categories?post=12938"},{"taxonomy":"post_tag","embeddable":true,"href":"https:\/\/www.studiogera.de\/001\/wp-json\/wp\/v2\/tags?post=12938"}],"curies":[{"name":"wp","href":"https:\/\/api.w.org\/{rel}","templated":true}]}}