{"id":13021,"date":"2020-11-01T08:01:00","date_gmt":"2020-11-01T07:01:00","guid":{"rendered":"http:\/\/www.studiogera.de\/001\/?p=13021"},"modified":"2022-08-16T22:33:59","modified_gmt":"2022-08-16T20:33:59","slug":"weihnachtliches-programm-mit-dem-duo-con-emozione","status":"publish","type":"post","link":"https:\/\/www.studiogera.de\/001\/2020\/11\/01\/weihnachtliches-programm-mit-dem-duo-con-emozione\/","title":{"rendered":"WEIHNACHTLICHES PROGRAMM MIT DEM DUO CON EMOZIONE"},"content":{"rendered":"\n<p>Ein weihnachtliches Programm, u. a. mit Kompositionen von Norbert Fietzke auf Gedichte von deutschen Schriftstellern, z. B. Elisabeth Ebling, Clemens Brentano, Theodor Storm, Robert Reinick, Theodor Fontane, Johann Wolfgang von Goethe, wird am Ersten Adventssonntag, den 29. November 2020, mit Beginn um 16 Uhr, im Dahliensaal des Bad K\u00f6stritzer Palais dargeboten.<\/p>\n\n\n\n<p>Es erklingen Vertonungen von Winter-, Weihnachtsgedichten und Wiegenlieder zur Weihnacht, sowie verschiedene Ave Marien, die das Duo Con emozione f\u00fcr dieses Programm erarbeitet hat. Mit ihrer glockenhellen, reinen Gesangsstimme werden Liane Fietzke gemeinsam mit ihrem Mann Norbert Fietzke, dem perfekten Liedbegleiter, am Klavier die Konzertbesucher mit diesem neuen Programm erneut begeistern.<\/p>\n\n\n\n<p>Das Duo Con emozione, Liane und Norbert Fietzke, arbeitet seit vielen Jahren professionell musikalisch zusammen. Sie erhielten beide ihre Ausbildung an der Musikhochschule Felix Mendelssohn Bartholdy in Leipzig. Weitere Studien folgten nach K\u00f6ln und Weimar. Ihr Arbeits- und Lebensmittelpunkt ist das Havelland. Das Duo Con emozione feierte im Jahre 2019 sein 25-j\u00e4hriges Bestehen mit vielen hochkar\u00e4tigen Konzerten, u. a. mit seinem Jubil\u00e4umskonzert im Gewandhaus zu Leipzig.<\/p>\n\n\n\n<p>Eintrittskarten k\u00f6nnen beim Kulturamt Bad K\u00f6stritz unter der Rufnummer 036605 88145 (AB vorhanden) reserviert werden. Der Vorverkauf ist auch \u00fcber &#8222;<a href=\"https:\/\/www.eventim.de\/\">https:\/\/www.eventim.de\/<\/a>&#8220; m\u00f6glich. Am Konzerttag sind die Eintrittskarten zum Preis von 15 Euro an der Tageskasse erh\u00e4ltlich. Der Einlass ist eine Viertel Stunde vor Beginn der Veranstaltung. Es gelten die bekannten Corona-Regeln. Veranstalter ist der Kunst- und Kulturverein Bad K\u00f6stritz.<\/p>\n\n\n\n<p>QUELLE: DUO CON EMOZIONE<\/p>\n","protected":false},"excerpt":{"rendered":"<div class=\"mh-excerpt\"><p>Ein weihnachtliches Programm, u. a. mit Kompositionen von Norbert Fietzke auf Gedichte von deutschen Schriftstellern, z. B. Elisabeth Ebling, Clemens Brentano, Theodor Storm, Robert Reinick, Theodor Fontane, Johann Wolfgang von Goethe, wird am Ersten Adventssonntag, <a class=\"mh-excerpt-more\" href=\"https:\/\/www.studiogera.de\/001\/2020\/11\/01\/weihnachtliches-programm-mit-dem-duo-con-emozione\/\" title=\"WEIHNACHTLICHES PROGRAMM MIT DEM DUO CON EMOZIONE\">[&#8230;]<\/a><\/p>\n<\/div>","protected":false},"author":2,"featured_media":13022,"comment_status":"open","ping_status":"open","sticky":false,"template":"","format":"standard","meta":{"footnotes":""},"categories":[8],"tags":[],"class_list":{"0":"post-13021","1":"post","2":"type-post","3":"status-publish","4":"format-standard","5":"has-post-thumbnail","7":"category-kultur"},"_links":{"self":[{"href":"https:\/\/www.studiogera.de\/001\/wp-json\/wp\/v2\/posts\/13021","targetHints":{"allow":["GET"]}}],"collection":[{"href":"https:\/\/www.studiogera.de\/001\/wp-json\/wp\/v2\/posts"}],"about":[{"href":"https:\/\/www.studiogera.de\/001\/wp-json\/wp\/v2\/types\/post"}],"author":[{"embeddable":true,"href":"https:\/\/www.studiogera.de\/001\/wp-json\/wp\/v2\/users\/2"}],"replies":[{"embeddable":true,"href":"https:\/\/www.studiogera.de\/001\/wp-json\/wp\/v2\/comments?post=13021"}],"version-history":[{"count":2,"href":"https:\/\/www.studiogera.de\/001\/wp-json\/wp\/v2\/posts\/13021\/revisions"}],"predecessor-version":[{"id":20206,"href":"https:\/\/www.studiogera.de\/001\/wp-json\/wp\/v2\/posts\/13021\/revisions\/20206"}],"wp:featuredmedia":[{"embeddable":true,"href":"https:\/\/www.studiogera.de\/001\/wp-json\/wp\/v2\/media\/13022"}],"wp:attachment":[{"href":"https:\/\/www.studiogera.de\/001\/wp-json\/wp\/v2\/media?parent=13021"}],"wp:term":[{"taxonomy":"category","embeddable":true,"href":"https:\/\/www.studiogera.de\/001\/wp-json\/wp\/v2\/categories?post=13021"},{"taxonomy":"post_tag","embeddable":true,"href":"https:\/\/www.studiogera.de\/001\/wp-json\/wp\/v2\/tags?post=13021"}],"curies":[{"name":"wp","href":"https:\/\/api.w.org\/{rel}","templated":true}]}}