{"id":13089,"date":"2020-10-30T15:40:29","date_gmt":"2020-10-30T14:40:29","guid":{"rendered":"http:\/\/www.studiogera.de\/001\/?p=13089"},"modified":"2020-10-30T15:40:31","modified_gmt":"2020-10-30T14:40:31","slug":"neue-meldungen-aus-dem-stadtgebiet","status":"publish","type":"post","link":"https:\/\/www.studiogera.de\/001\/2020\/10\/30\/neue-meldungen-aus-dem-stadtgebiet\/","title":{"rendered":"NEUE MELDUNGEN AUS DEM STADTGEBIET"},"content":{"rendered":"\n<p>Die Stadt Gera hat den Corona-Schwellenwert erneut \u00fcberschritten. Folgende Zahlen wurden als Wert f\u00fcr &#8222;testpositive Personen pro 100&#8217;000 Einwohner in sieben Tagen&#8220; bekanntgegeben:<\/p>\n\n\n\n<p>38,7 am 27. Oktober 2020<br>41,88 am 28. Oktober 2020<br>42,95 am 29. Oktober 2020<br>50,47 am 30. Oktober 2020<\/p>\n\n\n\n<p>Zur Anzahl der getesteten Personen und den Ausweitungen der Tests liegen keine Zahlen vor.<\/p>\n\n\n\n<p>Ab dem 31. Oktober 2020 sind im Geraer SRH-Klinikum keine Besuche mehr m\u00f6glich. Vom Besuchsverbot ausgenommen sind in begr\u00fcndeten F\u00e4llen und nur nach vorheriger telefonischer R\u00fccksprache mit den betreffenden Stationen lebensbedrohlich kranke oder sterbende Patienten sowie Kinder, die im Klinikum versorgt werden. Erlaubt sind hier ein Besucher pro Tag f\u00fcr zwei Stunden bzw. die Begleitperson f\u00fcr j\u00fcngere Kinder, ebenso werdende V\u00e4ter zur Geburt. Gep\u00e4ckst\u00fccke f\u00fcr station\u00e4re Patienten k\u00f6nnen am Informationsschalter im Foyer abgegeben werden. Sprechstunden und Operationen finden vorerst weiterhin wie geplant statt. Auch die Notaufnahme bleibt weiterhin wie bisher zug\u00e4nglich. F\u00fcr Corona-Verdachtspatienten gibt es einen gesonderten Zugang.<\/p>\n\n\n\n<p>Am 31. Oktober 2020 wollte der Tierpark mit einer bunten Halloween-Party in Kooperation mit dem Vogtland Radio die Saison 2020 beenden. Der Tierpark sowie der Radiosender haben sich nun gemeinsam dazu entschlossen, die Familienveranstaltung abzusagen. Im Fr\u00fchjahr wird es einen Ausweichtermin geben und das bunte Fest unter einem anderem Motto nachgeholt werden.<\/p>\n","protected":false},"excerpt":{"rendered":"<div class=\"mh-excerpt\"><p>Die Stadt Gera hat den Corona-Schwellenwert erneut \u00fcberschritten. Folgende Zahlen wurden als Wert f\u00fcr &#8222;testpositive Personen pro 100&#8217;000 Einwohner in sieben Tagen&#8220; bekanntgegeben: 38,7 am 27. Oktober 202041,88 am 28. Oktober 202042,95 am 29. Oktober <a class=\"mh-excerpt-more\" href=\"https:\/\/www.studiogera.de\/001\/2020\/10\/30\/neue-meldungen-aus-dem-stadtgebiet\/\" title=\"NEUE MELDUNGEN AUS DEM STADTGEBIET\">[&#8230;]<\/a><\/p>\n<\/div>","protected":false},"author":2,"featured_media":1630,"comment_status":"open","ping_status":"open","sticky":false,"template":"","format":"standard","meta":{"footnotes":""},"categories":[16],"tags":[],"class_list":{"0":"post-13089","1":"post","2":"type-post","3":"status-publish","4":"format-standard","5":"has-post-thumbnail","7":"category-kurzmitteilungen"},"_links":{"self":[{"href":"https:\/\/www.studiogera.de\/001\/wp-json\/wp\/v2\/posts\/13089","targetHints":{"allow":["GET"]}}],"collection":[{"href":"https:\/\/www.studiogera.de\/001\/wp-json\/wp\/v2\/posts"}],"about":[{"href":"https:\/\/www.studiogera.de\/001\/wp-json\/wp\/v2\/types\/post"}],"author":[{"embeddable":true,"href":"https:\/\/www.studiogera.de\/001\/wp-json\/wp\/v2\/users\/2"}],"replies":[{"embeddable":true,"href":"https:\/\/www.studiogera.de\/001\/wp-json\/wp\/v2\/comments?post=13089"}],"version-history":[{"count":1,"href":"https:\/\/www.studiogera.de\/001\/wp-json\/wp\/v2\/posts\/13089\/revisions"}],"predecessor-version":[{"id":13090,"href":"https:\/\/www.studiogera.de\/001\/wp-json\/wp\/v2\/posts\/13089\/revisions\/13090"}],"wp:featuredmedia":[{"embeddable":true,"href":"https:\/\/www.studiogera.de\/001\/wp-json\/wp\/v2\/media\/1630"}],"wp:attachment":[{"href":"https:\/\/www.studiogera.de\/001\/wp-json\/wp\/v2\/media?parent=13089"}],"wp:term":[{"taxonomy":"category","embeddable":true,"href":"https:\/\/www.studiogera.de\/001\/wp-json\/wp\/v2\/categories?post=13089"},{"taxonomy":"post_tag","embeddable":true,"href":"https:\/\/www.studiogera.de\/001\/wp-json\/wp\/v2\/tags?post=13089"}],"curies":[{"name":"wp","href":"https:\/\/api.w.org\/{rel}","templated":true}]}}