{"id":13100,"date":"2020-10-30T22:54:35","date_gmt":"2020-10-30T21:54:35","guid":{"rendered":"http:\/\/www.studiogera.de\/001\/?p=13100"},"modified":"2020-10-30T22:57:00","modified_gmt":"2020-10-30T21:57:00","slug":"das-theater-am-31-oktober-und-1-november-2020","status":"publish","type":"post","link":"https:\/\/www.studiogera.de\/001\/2020\/10\/30\/das-theater-am-31-oktober-und-1-november-2020\/","title":{"rendered":"DAS THEATER AM 31. OKTOBER UND 1. NOVEMBER 2020"},"content":{"rendered":"\n<p>Die Eleven des Th\u00fcringer Staatsballetts pr\u00e4sentieren am Samstag um 19.30 Uhr und am Sonntag um 18 Uhr im Altenburger Theaterzelt die Premiere der Gala \u201eTour de Danse\u201c.<\/p>\n\n\n\n<p>Gem\u00e4\u00df der neuen Allgemeinverf\u00fcgung f\u00fcr das Altenburger Land sind kulturelle Veranstaltungen in geschlossenen R\u00e4umen nur noch mit maximal einhundert Personen erlaubt. Dabei werden auch das anwesende Personal und die K\u00fcnstler mitgez\u00e4hlt. Um das zu gewehrleisten, wurde die Platzkapazit\u00e4t bereits entsprechend reduziert. Beide Veranstaltungen sind daher \u201eausverkauft\u201c. Wer im Besitz einer Eintrittskarte ist, kann planm\u00e4\u00dfig teilnehmen.<\/p>\n\n\n\n<p>Am Sonntag um 11 Uhr wird bei freiem Eintritt ins Theaterzelt Altenburg zum Theaterfr\u00fchst\u00fcck \u201eDie Mausefalle\u201c eingeladen. Hier stellt das Inszenierungsteam seine Konzeption f\u00fcr das Kriminalst\u00fcck von Agatha Christie vor, welches am 8. November Premiere haben wird. Es moderiert Dramaturgin Dr. Sophie Oldenstein.<\/p>\n\n\n\n<p>Die beiden Kurzopern \u201eDas Telefon oder Die Liebe zu dritt\u201c von Gian Carlo Menotti sowie \u201eDie menschliche Stimme\u201c von Francis Poulenc sind nach der Premiere am Freitag nochmals am Samstag 19.30 Uhr ebendort zu sehen. M\u00f6glicherweise sind noch Restkarten erh\u00e4ltlich. Zwei Paare, zwei Geschichten, zwei Telefonate: Ben m\u00f6chte seiner Freundin Lucy einen Heiratsantrag machen. Doch jedes Mal, wenn er zu sprechen anhebt, klingelt das Telefon. Eine andere Frau ist von ihrem Partner verlassen worden. Nun telefoniert sie mit ihm und versucht verzweifelt, die Beziehung doch noch zu retten.<\/p>\n\n\n\n<p>Der Schauspiel-Monologen \u201eDer Kontraba\u00df\u201c von Patrick S\u00fcskind ist am Samstag um 19.30 Uhr auf der B\u00fchne am Park zu sehen. M\u00f6glicherweise sind noch Restkarten erh\u00e4ltlich. Markus Lingst\u00e4dt spielt die Ein-Mann-Kom\u00f6die mit viel Sprachwitz und erz\u00e4hlt von Leben und Leiden eines Orchestermusikers.<\/p>\n\n\n\n<p>Im Geraer Puppentheater wird am Samstag und Sonntag jeweils 16 Uhr \u201eDes Kaisers neue Kleider\u201c f\u00fcr Kinder ab vier Jahren nach Hans Christian Andersen gespielt. M\u00f6glicherweise sind noch Restkarten erh\u00e4ltlich. Der eingebildete Kaiser l\u00e4sst sich neue, au\u00dfergew\u00f6hnliche Gew\u00e4nder anfertigen. Die Stoffe sollen nur besonders kluge Menschen sehen k\u00f6nnen. Als der Kaiser selbst jedoch nichts sehen kann, l\u00fcgt er und lobt die pr\u00e4chtige Kleidung. Was passiert wohl, als er sich damit dem Volk pr\u00e4sentiert?<\/p>\n\n\n\n<p>Das 280. Foyerkonzert findet am Sonntag um 11 Uhr im Konzertsaal Gera statt. Das Ensemble Dix, bestehend aus Andreas Knoop (Fl\u00f6te), Albrecht Pinquart (Oboe), Hendrik Schn\u00f6ke (Klarinette) und Roland Schulenburg (Fagott) f\u00fchren gemeinsam mit dem Hornisten Nikolaus Voglhofer und der Pianistin Julia Bartha das Quintett op.99,2 von Anton Reicha sowie die Sachs Bagatellen op.126 und das Quintett op.16 von Ludwig van Beethoven auf.<\/p>\n\n\n\n<p>Am Sonntag um 14.30 Uhr und 18 Uhr zeigt das Th\u00fcringer Staatsballett im Theater Gera sein Galaprogramm \u201eTanz aus der Reihe\u201c. Diese Vorstellungen sind bereits ausverkauft.<\/p>\n\n\n\n<p>Eintrittskarten sind an der Theaterkasse erh\u00e4ltlich. Diese k\u00f6nnen telefonisch unter der Rufnummer 0365 8279105 bzw. 03447 585160 sowie \u00fcber \u201ewww.theater-altenburg-gera.de\u201d reserviert werden. Wegen der erforderlichen Erfassung von Kontaktdaten ist derzeit kein Kartenverkauf \u00fcber externe Vorverkaufsstellen m\u00f6glich. Es gelten die bekannten Corona-Regeln.<\/p>\n\n\n\n<p>QUELLE: THEATER ALTENBURG GERA GGMBH<\/p>\n","protected":false},"excerpt":{"rendered":"<div class=\"mh-excerpt\"><p>Die Eleven des Th\u00fcringer Staatsballetts pr\u00e4sentieren am Samstag um 19.30 Uhr und am Sonntag um 18 Uhr im Altenburger Theaterzelt die Premiere der Gala \u201eTour de Danse\u201c. Gem\u00e4\u00df der neuen Allgemeinverf\u00fcgung f\u00fcr das Altenburger Land <a class=\"mh-excerpt-more\" href=\"https:\/\/www.studiogera.de\/001\/2020\/10\/30\/das-theater-am-31-oktober-und-1-november-2020\/\" title=\"DAS THEATER AM 31. OKTOBER UND 1. NOVEMBER 2020\">[&#8230;]<\/a><\/p>\n<\/div>","protected":false},"author":2,"featured_media":12596,"comment_status":"open","ping_status":"open","sticky":false,"template":"","format":"standard","meta":{"footnotes":""},"categories":[15],"tags":[],"class_list":{"0":"post-13100","1":"post","2":"type-post","3":"status-publish","4":"format-standard","5":"has-post-thumbnail","7":"category-theater"},"_links":{"self":[{"href":"https:\/\/www.studiogera.de\/001\/wp-json\/wp\/v2\/posts\/13100","targetHints":{"allow":["GET"]}}],"collection":[{"href":"https:\/\/www.studiogera.de\/001\/wp-json\/wp\/v2\/posts"}],"about":[{"href":"https:\/\/www.studiogera.de\/001\/wp-json\/wp\/v2\/types\/post"}],"author":[{"embeddable":true,"href":"https:\/\/www.studiogera.de\/001\/wp-json\/wp\/v2\/users\/2"}],"replies":[{"embeddable":true,"href":"https:\/\/www.studiogera.de\/001\/wp-json\/wp\/v2\/comments?post=13100"}],"version-history":[{"count":2,"href":"https:\/\/www.studiogera.de\/001\/wp-json\/wp\/v2\/posts\/13100\/revisions"}],"predecessor-version":[{"id":13102,"href":"https:\/\/www.studiogera.de\/001\/wp-json\/wp\/v2\/posts\/13100\/revisions\/13102"}],"wp:featuredmedia":[{"embeddable":true,"href":"https:\/\/www.studiogera.de\/001\/wp-json\/wp\/v2\/media\/12596"}],"wp:attachment":[{"href":"https:\/\/www.studiogera.de\/001\/wp-json\/wp\/v2\/media?parent=13100"}],"wp:term":[{"taxonomy":"category","embeddable":true,"href":"https:\/\/www.studiogera.de\/001\/wp-json\/wp\/v2\/categories?post=13100"},{"taxonomy":"post_tag","embeddable":true,"href":"https:\/\/www.studiogera.de\/001\/wp-json\/wp\/v2\/tags?post=13100"}],"curies":[{"name":"wp","href":"https:\/\/api.w.org\/{rel}","templated":true}]}}