{"id":13103,"date":"2020-11-01T11:50:02","date_gmt":"2020-11-01T10:50:02","guid":{"rendered":"http:\/\/www.studiogera.de\/001\/?p=13103"},"modified":"2020-11-01T11:50:03","modified_gmt":"2020-11-01T10:50:03","slug":"der-staedtische-winterdienst-ist-einsatzbereit","status":"publish","type":"post","link":"https:\/\/www.studiogera.de\/001\/2020\/11\/01\/der-staedtische-winterdienst-ist-einsatzbereit\/","title":{"rendered":"DER ST\u00c4DTISCHE WINTERDIENST IST EINSATZBEREIT"},"content":{"rendered":"\n<p>Der Geraer Winterdienst ist einsatzbereit. Die Vorbereitungen auf die Winterperiode 2020\/2021 sind in gro\u00dfen und entscheidenden Teilen abgeschlossen. Derzeit werden noch die Schneez\u00e4une aufgestellt und die etwa 250 Streucontainer im Stadtgebiet bef\u00fcllt. Gelagert hat der st\u00e4dtische Bauhof in diesem Jahr rund 1800 Tonnen Streusalz.<\/p>\n\n\n\n<p>Den Stra\u00dfenwinterdienst f\u00fcr insgesamt acht Streustrecken nehmen wie bereits im letzten Winter die Th\u00fcringer Stra\u00dfenwartungs- und Instandhaltungsgesellschaft mbH &amp; Co. KG und die GUD Geraer Umweltdienste GmbH &amp; Co. KG im Auftrag der Stadt wahr. Dabei kommen insgesamt acht Fahrzeuge zum Einsatz. Zus\u00e4tzlich wurden die Kapazit\u00e4ten des st\u00e4dtischen Bauhofes f\u00fcr den Wintereinsatz erh\u00f6ht. So stehen dem Tiefbauamt selbst noch einmal sechs Fahrzeuge zur Verf\u00fcgung.<\/p>\n\n\n\n<p>Trotz dieses Fahrzeugparks kann der st\u00e4dtische Winterdienst nicht auf allen Stra\u00dfen gleicherma\u00dfen pr\u00e4sent sein. Dieser erfolgt auch 2020 entsprechend der Priorisierung der Stadtstra\u00dfen in A-, B- und C-Strecken. Danach m\u00fcssen vorrangig die Streustrecken der Kategorien A und B freigehalten werden. Dazu geh\u00f6ren Bundes- und Hauptstra\u00dfen, die Krankenhaus- und Feuerwehrzufahrten, die Nord-S\u00fcd sowie Ost-West-Durchfahrten durch das Stadtgebiet, die Ortsverbindungsstra\u00dfen und Busstrecken. In den letzten schneearmen Wintern gab die Stadt Gera f\u00fcr den Winterdienst zwischen 650&#8217;000 und 750&#8217;000 Euro aus.<\/p>\n\n\n\n<p>F\u00fcr die in die Zust\u00e4ndigkeit der Stadt fallenden Gehwege im Stadtgebiet wurde die Vergabe am 12. Oktober 2020 im zust\u00e4ndigen Ausschuss beschlossen. Mit diesen Leistungen werden ebenfalls zwei Firmen beauftragt.<\/p>\n\n\n\n<p>Der Winterdienst ist ab Anfang November \u00fcber die Einsatzzentrale der Stadt organisiert. Die Einsatzleitung ist telefonisch unter der Rufnummer 0365 4371429 wie folgt zu erreichen:<\/p>\n\n\n\n<p>montags bis freitags von 4 Uhr bis 22 Uhr<br>samstags von 6 Uhr bis 20 Uhr<br>sonn- und feiertags von 6 Uhr bis 20 Uhr<\/p>\n\n\n\n<p>Weitere Informationen sind unter der Adresse www.gera.de\/winterdienst zu finden.<\/p>\n\n\n\n<p>QUELLE: STADTVERWALTUNG<\/p>\n","protected":false},"excerpt":{"rendered":"<div class=\"mh-excerpt\"><p>Der Geraer Winterdienst ist einsatzbereit. Die Vorbereitungen auf die Winterperiode 2020\/2021 sind in gro\u00dfen und entscheidenden Teilen abgeschlossen. Derzeit werden noch die Schneez\u00e4une aufgestellt und die etwa 250 Streucontainer im Stadtgebiet bef\u00fcllt. Gelagert hat der <a class=\"mh-excerpt-more\" href=\"https:\/\/www.studiogera.de\/001\/2020\/11\/01\/der-staedtische-winterdienst-ist-einsatzbereit\/\" title=\"DER ST\u00c4DTISCHE WINTERDIENST IST EINSATZBEREIT\">[&#8230;]<\/a><\/p>\n<\/div>","protected":false},"author":2,"featured_media":13104,"comment_status":"open","ping_status":"open","sticky":false,"template":"","format":"standard","meta":{"footnotes":""},"categories":[3],"tags":[],"class_list":{"0":"post-13103","1":"post","2":"type-post","3":"status-publish","4":"format-standard","5":"has-post-thumbnail","7":"category-lokal"},"_links":{"self":[{"href":"https:\/\/www.studiogera.de\/001\/wp-json\/wp\/v2\/posts\/13103","targetHints":{"allow":["GET"]}}],"collection":[{"href":"https:\/\/www.studiogera.de\/001\/wp-json\/wp\/v2\/posts"}],"about":[{"href":"https:\/\/www.studiogera.de\/001\/wp-json\/wp\/v2\/types\/post"}],"author":[{"embeddable":true,"href":"https:\/\/www.studiogera.de\/001\/wp-json\/wp\/v2\/users\/2"}],"replies":[{"embeddable":true,"href":"https:\/\/www.studiogera.de\/001\/wp-json\/wp\/v2\/comments?post=13103"}],"version-history":[{"count":1,"href":"https:\/\/www.studiogera.de\/001\/wp-json\/wp\/v2\/posts\/13103\/revisions"}],"predecessor-version":[{"id":13105,"href":"https:\/\/www.studiogera.de\/001\/wp-json\/wp\/v2\/posts\/13103\/revisions\/13105"}],"wp:featuredmedia":[{"embeddable":true,"href":"https:\/\/www.studiogera.de\/001\/wp-json\/wp\/v2\/media\/13104"}],"wp:attachment":[{"href":"https:\/\/www.studiogera.de\/001\/wp-json\/wp\/v2\/media?parent=13103"}],"wp:term":[{"taxonomy":"category","embeddable":true,"href":"https:\/\/www.studiogera.de\/001\/wp-json\/wp\/v2\/categories?post=13103"},{"taxonomy":"post_tag","embeddable":true,"href":"https:\/\/www.studiogera.de\/001\/wp-json\/wp\/v2\/tags?post=13103"}],"curies":[{"name":"wp","href":"https:\/\/api.w.org\/{rel}","templated":true}]}}