{"id":13147,"date":"2020-11-06T13:08:09","date_gmt":"2020-11-06T12:08:09","guid":{"rendered":"http:\/\/www.studiogera.de\/001\/?p=13147"},"modified":"2020-11-06T13:08:11","modified_gmt":"2020-11-06T12:08:11","slug":"kulturnadel-des-freistaates-thueringen-fuer-udo-pein","status":"publish","type":"post","link":"https:\/\/www.studiogera.de\/001\/2020\/11\/06\/kulturnadel-des-freistaates-thueringen-fuer-udo-pein\/","title":{"rendered":"\u201eKULTURNADEL DES FREISTAATES TH\u00dcRINGEN\u201c F\u00dcR UDO PEIN"},"content":{"rendered":"\n<p>Seit 2014 wird die \u201eKulturnadel des Freistaates Th\u00fcringen\u201c an Einzelpers\u00f6nlichkeiten vergeben, die sich durch herausragende ehrenamtliche Arbeit im Kulturbereich in Th\u00fcringen auszeichnen. J\u00e4hrlich erhalten zehn kulturengagierte Th\u00fcringer und Th\u00fcringerinnen den Preis im Rahmen einer Festveranstaltung in der Th\u00fcringer Staatskanzlei.<\/p>\n\n\n\n<p>Die Stadt Gera schlug f\u00fcr die Auszeichnung in diesem Jahr Herrn Udo Pein vor und lobt die Bef\u00fcrwortung der Jury. Der Vorschlag zur Auszeichnung mit der Th\u00fcringer Kulturnadel resultiert aus einer gemeinsamen Abstimmung zwischen dem Kulturamt der Stadt, dem Oberb\u00fcrgermeister, dem F\u00f6rderverein Rechtspflege, Kunst und Kultur e. V. und der Initiative Kulturnetz Gera.<\/p>\n\n\n\n<p>Udo Pein engagiert sich seit vielen Jahren aktiv als Vereinsvorsitzender f\u00fcr die Kultur in der Stadt und Region Gera und beeinflusst dank seiner h\u00f6chst motivierten ehrenamtlichen T\u00e4tigkeit das Kulturleben sp\u00fcrbar. Er ist ein Macher, der im Namen seines Vereins und ganz pers\u00f6nlich Gro\u00dfartiges leistet. Pein \u00fcberzeugt und versteht es, Partner f\u00fcr die vielf\u00e4ltigen Kulturprojekte, die zumeist seinen Ideen entstammen, zu gewinnen. Damit schafft er immer wieder besondere kulturelle H\u00f6hepunkte f\u00fcr Gera und die Region. Er widmet sich seinem Ehrenamt voller Hingabe und \u00dcberzeugung, spr\u00fcht vor Energie und Leidenschaft. Bescheiden tritt er jedoch in den Hintergrund, wenn es um die Anerkennung seiner Leistungen und um die W\u00fcrdigung seiner Person geht.<\/p>\n\n\n\n<p>Seit 2016 agiert Pein als Vereinsvorsitzender des F\u00f6rdervereins Rechtspflege, Kunst und Kultur Gera e. V. in den verschiedensten Feldern des Kulturlebens unserer Stadt. Ob die \u201eNacht des Rechts\u201c, Vortragsreihen, Buchvorstellungen, Filmprojekte, Ausstellungen oder einer aktiven Kinder- und Jugendarbeit \u2013 die Liste der Projekte des Vereins, verbunden mit dem Namen Udo Pein, ist lang und umfasst mehr als einhundert Projekte.<\/p>\n\n\n\n<p>Neben seiner Vereinsarbeit, die sich dem Ziel widmet, Br\u00fccken der Justiz zum B\u00fcrger zu bauen, und sich dabei der unterschiedlichsten Formen und Formate bedient, ist Udo Pein den meisten Geraer B\u00fcrgern und G\u00e4sten auch in einer anderen Mission bestens bekannt: N\u00e4mlich dann,&nbsp;wenn er in die Tasten des Carillon auf dem Geraer Rathausturm greift und seine Musik das Geraer Stadtzentrum f\u00f6rmlich zum Strahlen bringt. Er ist dem Carillon regelrecht verfallen, trug ma\u00dfgeblich dazu bei, dass es nicht verstummte und setzt sich aktiv zur Gewinnung von weiteren Ehrenamts- und Nachwuchsspielern ein, die inzwischen auch regem\u00e4\u00dfig zu h\u00f6ren sind.<\/p>\n\n\n\n<p>\u201eUdo Pein, sozusagen ein Perpetuum Mobile der ehrenamtlichen Kulturarbeit, ist immer wieder offen f\u00fcr Neues, neugierig beim Ausprobieren und Hinzulernen. Er \u00a0ist stets Ansprechpartner f\u00fcr Alle, wenn es um gemeinsame kulturelle Anliegen geht, hat immer ein offenes Ohr\u201c, erkl\u00e4rt Kulturamtsleiterin Dr. Claudia Tittel und erg\u00e4nzt: \u201eDank seiner Initiative konnte in diesem \u2013 durch Corona besonders schwierigen \u2013 Jahr eine neue sommerliche Veranstaltungsreihe auf dem Geraer Markt realisiert werden, deren Publikumsinteresse riesig war. F\u00fcr die kommende Saison hat der Umtriebige Udo Pein bereits viele neue Ideen. Gera ist stolz, einen Udo Pein zu haben.\u201c<\/p>\n\n\n\n<p>Die \u201eTh\u00fcringer Kulturnadel\u201c f\u00fcr Udo Pein, f\u00fcr sein engagiertes Wirken f\u00fcr einen lebendigen kulturellen Alltag in der Stadt, ist eine hoch verdiente Anerkennung, mit der der Freistaat Th\u00fcringen und die Stadt Gera einen Macher ehren, der uneigenn\u00fctzig und rastlos f\u00fcr das kulturelle Leben in der Stadt Gera brennt. Die Stadt Gera gratuliert Udo Pein ganz herzlich und bedankt sich f\u00fcr die jahrelange sehr gute Zusammenarbeit.<\/p>\n\n\n\n<p>QUELLE: STADTVERWALTUNG<\/p>\n","protected":false},"excerpt":{"rendered":"<div class=\"mh-excerpt\"><p>Seit 2014 wird die \u201eKulturnadel des Freistaates Th\u00fcringen\u201c an Einzelpers\u00f6nlichkeiten vergeben, die sich durch herausragende ehrenamtliche Arbeit im Kulturbereich in Th\u00fcringen auszeichnen. J\u00e4hrlich erhalten zehn kulturengagierte Th\u00fcringer und Th\u00fcringerinnen den Preis im Rahmen einer Festveranstaltung <a class=\"mh-excerpt-more\" href=\"https:\/\/www.studiogera.de\/001\/2020\/11\/06\/kulturnadel-des-freistaates-thueringen-fuer-udo-pein\/\" title=\"\u201eKULTURNADEL DES FREISTAATES TH\u00dcRINGEN\u201c F\u00dcR UDO PEIN\">[&#8230;]<\/a><\/p>\n<\/div>","protected":false},"author":2,"featured_media":13148,"comment_status":"open","ping_status":"open","sticky":false,"template":"","format":"standard","meta":{"footnotes":""},"categories":[8],"tags":[],"class_list":{"0":"post-13147","1":"post","2":"type-post","3":"status-publish","4":"format-standard","5":"has-post-thumbnail","7":"category-kultur"},"_links":{"self":[{"href":"https:\/\/www.studiogera.de\/001\/wp-json\/wp\/v2\/posts\/13147","targetHints":{"allow":["GET"]}}],"collection":[{"href":"https:\/\/www.studiogera.de\/001\/wp-json\/wp\/v2\/posts"}],"about":[{"href":"https:\/\/www.studiogera.de\/001\/wp-json\/wp\/v2\/types\/post"}],"author":[{"embeddable":true,"href":"https:\/\/www.studiogera.de\/001\/wp-json\/wp\/v2\/users\/2"}],"replies":[{"embeddable":true,"href":"https:\/\/www.studiogera.de\/001\/wp-json\/wp\/v2\/comments?post=13147"}],"version-history":[{"count":1,"href":"https:\/\/www.studiogera.de\/001\/wp-json\/wp\/v2\/posts\/13147\/revisions"}],"predecessor-version":[{"id":13149,"href":"https:\/\/www.studiogera.de\/001\/wp-json\/wp\/v2\/posts\/13147\/revisions\/13149"}],"wp:featuredmedia":[{"embeddable":true,"href":"https:\/\/www.studiogera.de\/001\/wp-json\/wp\/v2\/media\/13148"}],"wp:attachment":[{"href":"https:\/\/www.studiogera.de\/001\/wp-json\/wp\/v2\/media?parent=13147"}],"wp:term":[{"taxonomy":"category","embeddable":true,"href":"https:\/\/www.studiogera.de\/001\/wp-json\/wp\/v2\/categories?post=13147"},{"taxonomy":"post_tag","embeddable":true,"href":"https:\/\/www.studiogera.de\/001\/wp-json\/wp\/v2\/tags?post=13147"}],"curies":[{"name":"wp","href":"https:\/\/api.w.org\/{rel}","templated":true}]}}