{"id":13150,"date":"2020-11-06T13:10:49","date_gmt":"2020-11-06T12:10:49","guid":{"rendered":"http:\/\/www.studiogera.de\/001\/?p=13150"},"modified":"2020-11-06T13:10:50","modified_gmt":"2020-11-06T12:10:50","slug":"schulmesse-2020-findet-nicht-statt","status":"publish","type":"post","link":"https:\/\/www.studiogera.de\/001\/2020\/11\/06\/schulmesse-2020-findet-nicht-statt\/","title":{"rendered":"SCHULMESSE 2020 FINDET NICHT STATT"},"content":{"rendered":"\n<p>Aufgrund der derzeitigen Restriktionen kann die f\u00fcr den 21. November 2020 geplante Schulmesse in Gera nicht stattfinden. Die Stadt h\u00e4lt aber an der Idee der Schulmesse fest und plant, die Veranstaltung am 4. Dezember 2021 im Kultur- und Kongresszentrum durchzuf\u00fchren. Die rund 30 angemeldeten Schulen und anderen Aussteller wurden gebeten, sich diesen Termin vorzumerken. Ziel der Schulmesse ist es, den Sch\u00fclern und Eltern in kompakter Form eine Orientierung f\u00fcr die Schulwahl zu erm\u00f6glichen und den Bildungsstandort Gera vorzustellen. Dazu sollten sich m\u00f6glichst viele Schulen der Stadt Gera sowie weitere Anbieter aus dem Bildungsbereich pr\u00e4sentieren. In einem Begleitprogramm soll auf Neuerungen und Besonderheiten im Bildungsbereich aufmerksam gemacht werden. Zur Orientierung f\u00fcr die Schulwahl sollten aufgrund der Corona-Pandemie derzeit vor allem die Onlineangebote der Schulen genutzt werden, empfiehlt die Stadtverwaltung.<\/p>\n","protected":false},"excerpt":{"rendered":"<div class=\"mh-excerpt\"><p>Aufgrund der derzeitigen Restriktionen kann die f\u00fcr den 21. November 2020 geplante Schulmesse in Gera nicht stattfinden. Die Stadt h\u00e4lt aber an der Idee der Schulmesse fest und plant, die Veranstaltung am 4. Dezember 2021 <a class=\"mh-excerpt-more\" href=\"https:\/\/www.studiogera.de\/001\/2020\/11\/06\/schulmesse-2020-findet-nicht-statt\/\" title=\"SCHULMESSE 2020 FINDET NICHT STATT\">[&#8230;]<\/a><\/p>\n<\/div>","protected":false},"author":2,"featured_media":12549,"comment_status":"open","ping_status":"open","sticky":false,"template":"","format":"standard","meta":{"footnotes":""},"categories":[16],"tags":[],"class_list":{"0":"post-13150","1":"post","2":"type-post","3":"status-publish","4":"format-standard","5":"has-post-thumbnail","7":"category-kurzmitteilungen"},"_links":{"self":[{"href":"https:\/\/www.studiogera.de\/001\/wp-json\/wp\/v2\/posts\/13150","targetHints":{"allow":["GET"]}}],"collection":[{"href":"https:\/\/www.studiogera.de\/001\/wp-json\/wp\/v2\/posts"}],"about":[{"href":"https:\/\/www.studiogera.de\/001\/wp-json\/wp\/v2\/types\/post"}],"author":[{"embeddable":true,"href":"https:\/\/www.studiogera.de\/001\/wp-json\/wp\/v2\/users\/2"}],"replies":[{"embeddable":true,"href":"https:\/\/www.studiogera.de\/001\/wp-json\/wp\/v2\/comments?post=13150"}],"version-history":[{"count":1,"href":"https:\/\/www.studiogera.de\/001\/wp-json\/wp\/v2\/posts\/13150\/revisions"}],"predecessor-version":[{"id":13151,"href":"https:\/\/www.studiogera.de\/001\/wp-json\/wp\/v2\/posts\/13150\/revisions\/13151"}],"wp:featuredmedia":[{"embeddable":true,"href":"https:\/\/www.studiogera.de\/001\/wp-json\/wp\/v2\/media\/12549"}],"wp:attachment":[{"href":"https:\/\/www.studiogera.de\/001\/wp-json\/wp\/v2\/media?parent=13150"}],"wp:term":[{"taxonomy":"category","embeddable":true,"href":"https:\/\/www.studiogera.de\/001\/wp-json\/wp\/v2\/categories?post=13150"},{"taxonomy":"post_tag","embeddable":true,"href":"https:\/\/www.studiogera.de\/001\/wp-json\/wp\/v2\/tags?post=13150"}],"curies":[{"name":"wp","href":"https:\/\/api.w.org\/{rel}","templated":true}]}}