{"id":13152,"date":"2020-11-07T13:01:00","date_gmt":"2020-11-07T12:01:00","guid":{"rendered":"http:\/\/www.studiogera.de\/001\/?p=13152"},"modified":"2020-11-06T13:21:00","modified_gmt":"2020-11-06T12:21:00","slug":"gedenken-ohne-beisein-der-oeffentlichkeit","status":"publish","type":"post","link":"https:\/\/www.studiogera.de\/001\/2020\/11\/07\/gedenken-ohne-beisein-der-oeffentlichkeit\/","title":{"rendered":"GEDENKEN OHNE BEISEIN DER \u00d6FFENTLICHKEIT"},"content":{"rendered":"\n<p>Aufgrund der gegenw\u00e4rtigen Restriktionen wird die geplante Veranstaltung zum Gedenken an die Reichspogromnacht am Montag, 9. November 2020, \u00a0leider nicht wie im gewohnten Rahmen durchgef\u00fchrt. Trotz der Absage wird in ehrendem Gedenken ein Kranz niedergelegt. Dies erfolgt jedoch ohne Beisein der \u00d6ffentlichkeit. Um dennoch die \u00d6ffentlichkeit an der Veranstaltung entsprechend teilhaben zu lassen, wird die Kranzniederlegung per Facebook-Livestream auf der Seite der Stadt Gera \u00fcbertragen. Der geplante Stream wird ab 16.30 Uhr zu sehen sein. Der \u00d6kumenische Gottesdienst zum Gedenken an die Reichspogromnacht findet dann ab 17 Uhr wie geplant in der Kirche St. Trinitatis statt.<\/p>\n","protected":false},"excerpt":{"rendered":"<div class=\"mh-excerpt\"><p>Aufgrund der gegenw\u00e4rtigen Restriktionen wird die geplante Veranstaltung zum Gedenken an die Reichspogromnacht am Montag, 9. November 2020, \u00a0leider nicht wie im gewohnten Rahmen durchgef\u00fchrt. Trotz der Absage wird in ehrendem Gedenken ein Kranz niedergelegt. <a class=\"mh-excerpt-more\" href=\"https:\/\/www.studiogera.de\/001\/2020\/11\/07\/gedenken-ohne-beisein-der-oeffentlichkeit\/\" title=\"GEDENKEN OHNE BEISEIN DER \u00d6FFENTLICHKEIT\">[&#8230;]<\/a><\/p>\n<\/div>","protected":false},"author":2,"featured_media":2183,"comment_status":"open","ping_status":"open","sticky":false,"template":"","format":"standard","meta":{"footnotes":""},"categories":[16],"tags":[],"class_list":{"0":"post-13152","1":"post","2":"type-post","3":"status-publish","4":"format-standard","5":"has-post-thumbnail","7":"category-kurzmitteilungen"},"_links":{"self":[{"href":"https:\/\/www.studiogera.de\/001\/wp-json\/wp\/v2\/posts\/13152","targetHints":{"allow":["GET"]}}],"collection":[{"href":"https:\/\/www.studiogera.de\/001\/wp-json\/wp\/v2\/posts"}],"about":[{"href":"https:\/\/www.studiogera.de\/001\/wp-json\/wp\/v2\/types\/post"}],"author":[{"embeddable":true,"href":"https:\/\/www.studiogera.de\/001\/wp-json\/wp\/v2\/users\/2"}],"replies":[{"embeddable":true,"href":"https:\/\/www.studiogera.de\/001\/wp-json\/wp\/v2\/comments?post=13152"}],"version-history":[{"count":1,"href":"https:\/\/www.studiogera.de\/001\/wp-json\/wp\/v2\/posts\/13152\/revisions"}],"predecessor-version":[{"id":13153,"href":"https:\/\/www.studiogera.de\/001\/wp-json\/wp\/v2\/posts\/13152\/revisions\/13153"}],"wp:featuredmedia":[{"embeddable":true,"href":"https:\/\/www.studiogera.de\/001\/wp-json\/wp\/v2\/media\/2183"}],"wp:attachment":[{"href":"https:\/\/www.studiogera.de\/001\/wp-json\/wp\/v2\/media?parent=13152"}],"wp:term":[{"taxonomy":"category","embeddable":true,"href":"https:\/\/www.studiogera.de\/001\/wp-json\/wp\/v2\/categories?post=13152"},{"taxonomy":"post_tag","embeddable":true,"href":"https:\/\/www.studiogera.de\/001\/wp-json\/wp\/v2\/tags?post=13152"}],"curies":[{"name":"wp","href":"https:\/\/api.w.org\/{rel}","templated":true}]}}