{"id":13154,"date":"2020-11-06T20:46:12","date_gmt":"2020-11-06T19:46:12","guid":{"rendered":"http:\/\/www.studiogera.de\/001\/?p=13154"},"modified":"2020-11-06T20:46:12","modified_gmt":"2020-11-06T19:46:12","slug":"stadtrat-beschliesst-haushaltsplan-fuer-2021","status":"publish","type":"post","link":"https:\/\/www.studiogera.de\/001\/2020\/11\/06\/stadtrat-beschliesst-haushaltsplan-fuer-2021\/","title":{"rendered":"STADTRAT BESCHLIESST HAUSHALTSPLAN F\u00dcR 2021"},"content":{"rendered":"\n<p>Mit 26 Ja-Stimmen wurde der Geraer Haushalt f\u00fcr das Jahr 2021 vom Stadtrat in der gestrigen Sitzung im Kultur- und Kongresszentrum mehrheitlich \u00fcberraschend beschlossen. Vorgesehen war urspr\u00fcnglich in zwei Beratungsdurchl\u00e4ufen den Beschluss zur Drucksache 101\/2020 \u201eHaushaltsplan 2021 der Stadt Gera sowie 8. Fortschreibung des Haushaltsicherungskonzeptes 2013 \u2013 2023\u201c in der Sitzung am 3. Dezember 2020 zu fassen. Auf Antrag der SPD-Fraktion wurde der Haushalt aber zus\u00e4tzlich auf die Tagesordnung der Novembersitzung gesetzt.<\/p>\n\n\n\n<p>Im Laufe des intensiven Austauschs in der Sitzung wurde per Gesch\u00e4ftsordnungsantrag der CDU Fraktion die \u00c4nderung des Ablaufes der Beschlussfindung vorgeschlagen. Demnach sollte die finale Abstimmung bereits am gestrigen Abend erfolgen. Dieses Vorgehen fand bei der Mehrheit der Stadtratsmitglieder Zustimmung. \u201eIm Ergebnis der Haushaltsdebatte mit einem \u00fcberraschend fr\u00fchzeitigen Beschluss wurde den Mitarbeitern der Stadtverwaltung mit deutlicher Mehrheit gro\u00dfes Vertrauen ausgesprochen\u201c, kommentiert der ressortverantwortliche B\u00fcrgermeister Kurt Dannenberg die gestrige Entscheidung. Auch der Oberb\u00fcrgermeister Julian Vonarb bewertet das Ergebnis der Haushaltsberatungen als \u00e4u\u00dferst positiv. \u201eDie Leistung, den Haushalt nicht nur p\u00fcnktlich, sondern trotz Corona-Pandemie und daraus resultierenden Haushaltsbelastungen, ausgeglichen ohne Bedarfszuweisungen aufzustellen, verdient gro\u00dfes Lob. Wir sind uns zwar bewusst, dass unver\u00e4ndert enormer Investitionsbedarf im Bereich der Infrastruktur der Stadt Gera besteht und nat\u00fcrlich sind in der besonderen Situation durch die Corona-Pandemie auch f\u00fcr das kommende Jahr nicht alle finanziellen Unabw\u00e4gbarkeiten heute absehbar; dennoch: Mit dem Beschluss bleibt die Stadt Gera handlungsf\u00e4hig und kann ab 1. Januar 2021 weiterhin agieren\u201c, so Vonarb.<\/p>\n\n\n\n<p>QUELLE: STADTVERWALTUNG<\/p>\n","protected":false},"excerpt":{"rendered":"<div class=\"mh-excerpt\"><p>Mit 26 Ja-Stimmen wurde der Geraer Haushalt f\u00fcr das Jahr 2021 vom Stadtrat in der gestrigen Sitzung im Kultur- und Kongresszentrum mehrheitlich \u00fcberraschend beschlossen. Vorgesehen war urspr\u00fcnglich in zwei Beratungsdurchl\u00e4ufen den Beschluss zur Drucksache 101\/2020 <a class=\"mh-excerpt-more\" href=\"https:\/\/www.studiogera.de\/001\/2020\/11\/06\/stadtrat-beschliesst-haushaltsplan-fuer-2021\/\" title=\"STADTRAT BESCHLIESST HAUSHALTSPLAN F\u00dcR 2021\">[&#8230;]<\/a><\/p>\n<\/div>","protected":false},"author":2,"featured_media":12087,"comment_status":"open","ping_status":"open","sticky":false,"template":"","format":"standard","meta":{"footnotes":""},"categories":[3],"tags":[],"class_list":{"0":"post-13154","1":"post","2":"type-post","3":"status-publish","4":"format-standard","5":"has-post-thumbnail","7":"category-lokal"},"_links":{"self":[{"href":"https:\/\/www.studiogera.de\/001\/wp-json\/wp\/v2\/posts\/13154","targetHints":{"allow":["GET"]}}],"collection":[{"href":"https:\/\/www.studiogera.de\/001\/wp-json\/wp\/v2\/posts"}],"about":[{"href":"https:\/\/www.studiogera.de\/001\/wp-json\/wp\/v2\/types\/post"}],"author":[{"embeddable":true,"href":"https:\/\/www.studiogera.de\/001\/wp-json\/wp\/v2\/users\/2"}],"replies":[{"embeddable":true,"href":"https:\/\/www.studiogera.de\/001\/wp-json\/wp\/v2\/comments?post=13154"}],"version-history":[{"count":1,"href":"https:\/\/www.studiogera.de\/001\/wp-json\/wp\/v2\/posts\/13154\/revisions"}],"predecessor-version":[{"id":13155,"href":"https:\/\/www.studiogera.de\/001\/wp-json\/wp\/v2\/posts\/13154\/revisions\/13155"}],"wp:featuredmedia":[{"embeddable":true,"href":"https:\/\/www.studiogera.de\/001\/wp-json\/wp\/v2\/media\/12087"}],"wp:attachment":[{"href":"https:\/\/www.studiogera.de\/001\/wp-json\/wp\/v2\/media?parent=13154"}],"wp:term":[{"taxonomy":"category","embeddable":true,"href":"https:\/\/www.studiogera.de\/001\/wp-json\/wp\/v2\/categories?post=13154"},{"taxonomy":"post_tag","embeddable":true,"href":"https:\/\/www.studiogera.de\/001\/wp-json\/wp\/v2\/tags?post=13154"}],"curies":[{"name":"wp","href":"https:\/\/api.w.org\/{rel}","templated":true}]}}