{"id":13303,"date":"2020-11-23T18:58:15","date_gmt":"2020-11-23T17:58:15","guid":{"rendered":"http:\/\/www.studiogera.de\/001\/?p=13303"},"modified":"2020-11-23T18:58:16","modified_gmt":"2020-11-23T17:58:16","slug":"feuerwerk-zum-jahreswechsel-soll-verboten-werden","status":"publish","type":"post","link":"https:\/\/www.studiogera.de\/001\/2020\/11\/23\/feuerwerk-zum-jahreswechsel-soll-verboten-werden\/","title":{"rendered":"FEUERWERK ZUM JAHRESWECHSEL SOLL VERBOTEN WERDEN"},"content":{"rendered":"\n<p>Der Verkauf, Erwerb und das Anz\u00fcnden von Feuerwerk soll zum Jahreswechsel verboten werden. Das sieht eine Beschlussvorlage der L\u00e4nder f\u00fcr die Ministerpr\u00e4sidentenkonferenz am Mittwoch vor. Zur Begr\u00fcndung hei\u00dft es, Einsatzkr\u00e4fte w\u00fcrden dadurch entlastet und Gruppenbildungen vermieden. Auch soll die Zahl der erlaubten pers\u00f6nlichen Kontakte weiter reduziert werden. Lediglich f\u00fcr die Zeit der Weihnachtsfeiertage sind leichte Lockerungen angedacht. Danach kann die Laufzeit der Regeln und Verbote mit Verweis auf den Schwellenwert 50 alle 14 Tage verl\u00e4ngert werden.<\/p>\n\n\n\n<p>Schon vor Beginn der Corona-Zeit gab es Bestrebungen, das Silvesterfeuerwerk zu verbieten. Argumentiert wurde damals mit einer zu hohen L\u00e4rm- und Feinstaubbelastung.<\/p>\n\n\n\n<figure class=\"wp-block-embed-wordpress wp-block-embed is-type-wp-embed is-provider-gera\"><div class=\"wp-block-embed__wrapper\">\n<blockquote class=\"wp-embedded-content\" data-secret=\"Qs39l9k5rN\"><a href=\"https:\/\/www.studiogera.de\/001\/2019\/12\/17\/hoechste-feinstaub-belastung-zum-jahreswechsel\/\">H\u00d6CHSTE FEINSTAUB-BELASTUNG ZUM JAHRESWECHSEL<\/a><\/blockquote><iframe loading=\"lazy\" class=\"wp-embedded-content\" sandbox=\"allow-scripts\" security=\"restricted\" style=\"position: absolute; clip: rect(1px, 1px, 1px, 1px);\" title=\"&#8222;H\u00d6CHSTE FEINSTAUB-BELASTUNG ZUM JAHRESWECHSEL&#8220; &#8212; GERA\" src=\"https:\/\/www.studiogera.de\/001\/2019\/12\/17\/hoechste-feinstaub-belastung-zum-jahreswechsel\/embed\/#?secret=rEFOi7vhFZ#?secret=Qs39l9k5rN\" data-secret=\"Qs39l9k5rN\" width=\"500\" height=\"282\" frameborder=\"0\" marginwidth=\"0\" marginheight=\"0\" scrolling=\"no\"><\/iframe>\n<\/div><\/figure>\n\n\n\n<p>Es mehren sich die Hinweise, dass es im Januar 2021, vor Beginn der geplanten Massenimpfungen, erhebliche Einschr\u00e4nkungen geben wird. Eine entsprechende Tendenz zeichnet sich bereits ab. Unter anderem hei\u00dft es, die bisherigen Ma\u00dfnahmen reichten nicht aus. Der Bundestagsabgeordnete Karl Lauterbach, SPD, kann sich vorstellen, dass sowohl der Freizeit- als auch der Profisport, zumindest in Hallen, vollst\u00e4ndig verboten wird. Kritiker der Corona-Ma\u00dfnahmen gehen davon aus, dass mit den strenger werdenden Verboten ab Neujahr beim Impfen eine Freiwilligkeit erzwungen werden soll.<\/p>\n","protected":false},"excerpt":{"rendered":"<div class=\"mh-excerpt\"><p>Der Verkauf, Erwerb und das Anz\u00fcnden von Feuerwerk soll zum Jahreswechsel verboten werden. Das sieht eine Beschlussvorlage der L\u00e4nder f\u00fcr die Ministerpr\u00e4sidentenkonferenz am Mittwoch vor. Zur Begr\u00fcndung hei\u00dft es, Einsatzkr\u00e4fte w\u00fcrden dadurch entlastet und Gruppenbildungen <a class=\"mh-excerpt-more\" href=\"https:\/\/www.studiogera.de\/001\/2020\/11\/23\/feuerwerk-zum-jahreswechsel-soll-verboten-werden\/\" title=\"FEUERWERK ZUM JAHRESWECHSEL SOLL VERBOTEN WERDEN\">[&#8230;]<\/a><\/p>\n<\/div>","protected":false},"author":2,"featured_media":9731,"comment_status":"open","ping_status":"open","sticky":false,"template":"","format":"standard","meta":{"footnotes":""},"categories":[8],"tags":[],"class_list":{"0":"post-13303","1":"post","2":"type-post","3":"status-publish","4":"format-standard","5":"has-post-thumbnail","7":"category-kultur"},"_links":{"self":[{"href":"https:\/\/www.studiogera.de\/001\/wp-json\/wp\/v2\/posts\/13303","targetHints":{"allow":["GET"]}}],"collection":[{"href":"https:\/\/www.studiogera.de\/001\/wp-json\/wp\/v2\/posts"}],"about":[{"href":"https:\/\/www.studiogera.de\/001\/wp-json\/wp\/v2\/types\/post"}],"author":[{"embeddable":true,"href":"https:\/\/www.studiogera.de\/001\/wp-json\/wp\/v2\/users\/2"}],"replies":[{"embeddable":true,"href":"https:\/\/www.studiogera.de\/001\/wp-json\/wp\/v2\/comments?post=13303"}],"version-history":[{"count":2,"href":"https:\/\/www.studiogera.de\/001\/wp-json\/wp\/v2\/posts\/13303\/revisions"}],"predecessor-version":[{"id":13305,"href":"https:\/\/www.studiogera.de\/001\/wp-json\/wp\/v2\/posts\/13303\/revisions\/13305"}],"wp:featuredmedia":[{"embeddable":true,"href":"https:\/\/www.studiogera.de\/001\/wp-json\/wp\/v2\/media\/9731"}],"wp:attachment":[{"href":"https:\/\/www.studiogera.de\/001\/wp-json\/wp\/v2\/media?parent=13303"}],"wp:term":[{"taxonomy":"category","embeddable":true,"href":"https:\/\/www.studiogera.de\/001\/wp-json\/wp\/v2\/categories?post=13303"},{"taxonomy":"post_tag","embeddable":true,"href":"https:\/\/www.studiogera.de\/001\/wp-json\/wp\/v2\/tags?post=13303"}],"curies":[{"name":"wp","href":"https:\/\/api.w.org\/{rel}","templated":true}]}}