{"id":13306,"date":"2020-11-23T19:13:34","date_gmt":"2020-11-23T18:13:34","guid":{"rendered":"http:\/\/www.studiogera.de\/001\/?p=13306"},"modified":"2020-11-23T21:08:15","modified_gmt":"2020-11-23T20:08:15","slug":"die-corona-situation-am-23-november-2020","status":"publish","type":"post","link":"https:\/\/www.studiogera.de\/001\/2020\/11\/23\/die-corona-situation-am-23-november-2020\/","title":{"rendered":"DIE CORONA-SITUATION AM 23. NOVEMBER 2020"},"content":{"rendered":"\n<p>Am 20. November 2020 wurden dem Geraer Gesundheitsamt aus den Laboratorien 49 positive PCR-Testergebnisse \u00fcbermittelt. Grund f\u00fcr die hohe Zahl war unter anderem ein Diagnostik-Stau im Laboratorium, sodass die Ergebnisse l\u00e4nger als \u00fcblich nicht bekannt waren. \u00dcber das Wochenende wurden weitere 19 Positiv-F\u00e4lle gemeldet, sodass in Gera am 23. November 158 Menschen einen positiven Befund hatten, der mit dem Virus SARS-CoV-2 assoziiert wird.<\/p>\n\n\n\n<p>Gegenw\u00e4rtig betroffen sind erneut Gemeinschaftseinrichtungen. So gibt es F\u00e4lle in der Integrierten Gesamtschule sowie in der Kindertagesst\u00e4tte Grash\u00fcpfer in Aga. Die Einrichtungen befinden sich in Stufe Gelb, genauso wie die SBBS Wirtschaft und Verwaltung, die SBBS Gesundheit und Soziales, das Zabelgymnasium, das Karl-Theodor-Liebe-Gymnasium und die Vierte Regelschule. Die Quarant\u00e4ne endet am 23. November 2020 f\u00fcr Sch\u00fcler und Lehrer der Hans-Christian-Andersen-Grundschule. In Stufe Rot befinden sich die Kindertagesst\u00e4tte Storchennest und die Private Fachschule f\u00fcr Wirtschaft und Verwaltung.<\/p>\n\n\n\n<p>Der Sieben-Tage-Wert f\u00fcr Gera lag am 23. November 2020 bei 108,46. Aufaddiert hatten seit M\u00e4rz 713 Personen einen positiven Befund. 528 Personen mit positiven Befund werden als &#8222;genesen&#8220; eingeordnet, 27 testpositive Menschen verstarben.<\/p>\n\n\n\n<p>Ab Mittwoch, 25. November 2020, gibt es in der Stadt Gera eine neue Corona-Abstrichstelle. Diese befindet sich im Konferenzraum der Panndorfhalle und hat montags bis freitags von 8 Uhr bis 12 Uhr und von 13 Uhr bis 16 Uhr ge\u00f6ffnet. Der Zugang ist \u00fcber den Seiteneingang Ost in der Neuen Stra\u00dfe m\u00f6glich. Der Hallenzugang f\u00fcr den Sportbetrieb befindet sich an der Nordseite und damit weitr\u00e4umig entfernt, sodass der Trainingsbetrieb in der Halle weiter aufrechterhalten werden kann.<br>Die neue Abstrichstelle erg\u00e4nzt die \u201eFliegenden Teams\u201c des Gesundheitsamts. In den vergangenen Tagen war das Testaufkommen mit rund 960 Abstrichen innerhalb von 14 Tagen so hoch, dass dringend eine weitere Alternative ben\u00f6tigt wurde. Durch die station\u00e4re Teststelle reduziert sich der Aufwand f\u00fcr Anfahrt und Schutzkleidung im Zusammenhang mit der Durchf\u00fchrung der Abstriche.<\/p>\n\n\n\n<p>\u201eDerzeit haben wir vier Teams, die vom jeweiligen Wohnort zum n\u00e4chsten jeweiligen Wohnort fahren, um die Kontaktpersonen von Menschen, die sich mit dem Corona-Virus infiziert haben, zu testen. Zum Teil wurden mehr als 200 Menschen pro Tag abgestrichen. Wenn diese Personen nun in die Panndorfhalle kommen, sparen wir sehr viel Zeit und nat\u00fcrlich auch Kosten\u201c, begr\u00fcndet Oberb\u00fcrgermeister Julian Vonarb diese Ma\u00dfnahme.<\/p>\n\n\n\n<p>In der Abstrichstelle werden k\u00fcnftig jene Personen auf das Corona-Virus getestet, die als Kontaktperson ermittelt wurden, mobil sind, keine Symptome aufweisen und vom Gesundheitsamt einen Termin erhalten haben. Diese Personen d\u00fcrfen nur f\u00fcr den direkten Weg von und zur Teststelle (ohne Umwege, ohne andere Erledigung), die h\u00e4usliche Isolierung unterbrechen, um mit dem eigenen PKW ohne weitere Mitfahrer zu fahren oder im Fall kurzer Wege zu Fu\u00df von der Wohnung zur Teststelle unter Einhaltung des Mindestabstands zu anderen Personen zu laufen. Die Benutzung \u00f6ffentlicher Verkehrsmittel ist verboten.<\/p>\n\n\n\n<p>Bei Kontaktpersonen, die sich in Quarant\u00e4ne befinden und nicht mobil sind, nimmt weiterhin die mobile Testgruppe den Abstrich vor. Menschen, die Symptome haben, nehmen wie bisher Kontakt mit ihrem Hausarzt bzw. am Wochenende mit der Kassen\u00e4rztlichen Vereinigung unter 116117 auf.<\/p>\n\n\n\n<p>QUELLE: STADTVERWALTUNG<\/p>\n","protected":false},"excerpt":{"rendered":"<div class=\"mh-excerpt\"><p>Am 20. November 2020 wurden dem Geraer Gesundheitsamt aus den Laboratorien 49 positive PCR-Testergebnisse \u00fcbermittelt. Grund f\u00fcr die hohe Zahl war unter anderem ein Diagnostik-Stau im Laboratorium, sodass die Ergebnisse l\u00e4nger als \u00fcblich nicht bekannt <a class=\"mh-excerpt-more\" href=\"https:\/\/www.studiogera.de\/001\/2020\/11\/23\/die-corona-situation-am-23-november-2020\/\" title=\"DIE CORONA-SITUATION AM 23. NOVEMBER 2020\">[&#8230;]<\/a><\/p>\n<\/div>","protected":false},"author":2,"featured_media":13311,"comment_status":"open","ping_status":"open","sticky":false,"template":"","format":"standard","meta":{"footnotes":""},"categories":[3],"tags":[],"class_list":{"0":"post-13306","1":"post","2":"type-post","3":"status-publish","4":"format-standard","5":"has-post-thumbnail","7":"category-lokal"},"_links":{"self":[{"href":"https:\/\/www.studiogera.de\/001\/wp-json\/wp\/v2\/posts\/13306","targetHints":{"allow":["GET"]}}],"collection":[{"href":"https:\/\/www.studiogera.de\/001\/wp-json\/wp\/v2\/posts"}],"about":[{"href":"https:\/\/www.studiogera.de\/001\/wp-json\/wp\/v2\/types\/post"}],"author":[{"embeddable":true,"href":"https:\/\/www.studiogera.de\/001\/wp-json\/wp\/v2\/users\/2"}],"replies":[{"embeddable":true,"href":"https:\/\/www.studiogera.de\/001\/wp-json\/wp\/v2\/comments?post=13306"}],"version-history":[{"count":3,"href":"https:\/\/www.studiogera.de\/001\/wp-json\/wp\/v2\/posts\/13306\/revisions"}],"predecessor-version":[{"id":13309,"href":"https:\/\/www.studiogera.de\/001\/wp-json\/wp\/v2\/posts\/13306\/revisions\/13309"}],"wp:featuredmedia":[{"embeddable":true,"href":"https:\/\/www.studiogera.de\/001\/wp-json\/wp\/v2\/media\/13311"}],"wp:attachment":[{"href":"https:\/\/www.studiogera.de\/001\/wp-json\/wp\/v2\/media?parent=13306"}],"wp:term":[{"taxonomy":"category","embeddable":true,"href":"https:\/\/www.studiogera.de\/001\/wp-json\/wp\/v2\/categories?post=13306"},{"taxonomy":"post_tag","embeddable":true,"href":"https:\/\/www.studiogera.de\/001\/wp-json\/wp\/v2\/tags?post=13306"}],"curies":[{"name":"wp","href":"https:\/\/api.w.org\/{rel}","templated":true}]}}