{"id":13317,"date":"2020-11-25T22:29:30","date_gmt":"2020-11-25T21:29:30","guid":{"rendered":"http:\/\/www.studiogera.de\/001\/?p=13317"},"modified":"2020-11-25T22:29:31","modified_gmt":"2020-11-25T21:29:31","slug":"die-corona-situation-auf-den-intensiv-stationen","status":"publish","type":"post","link":"https:\/\/www.studiogera.de\/001\/2020\/11\/25\/die-corona-situation-auf-den-intensiv-stationen\/","title":{"rendered":"DIE CORONA-SITUATION AUF DEN INTENSIV-STATIONEN"},"content":{"rendered":"\n<p>Im Geraer Klinikum versorgt das klinikeigenes Corona-Zentrum seit dem 1. April 2020 station\u00e4re Patienten mit Covid-19-Verdacht und nachgewiesener Infektion. Das Zentrum mit mindestens 136 Betten und maximal 272 Betten befindet sich im Bettenhaus &#8222;Haus im Park&#8220;, teilt das Klinikum auf der eigenen Internetseite mit. Hierbei ist ein Zimmer mit jeweils einem Patienten belegt. Der Geb\u00e4udeteil ist vom \u00fcbrigen Klinikum getrennt. Die bislang dort befindlichen normalen Stationen mussten umziehen. Zum Corona-Zentrum geh\u00f6rt eine eigenst\u00e4ndige Intensivstation mit einer Kapazit\u00e4t von maximal 36 Betten.<\/p>\n\n\n\n<p>Zum Zeitpunkt 17. November 2020, 8 Uhr, waren in Gera 45 ITS-Betten belegt, davon f\u00fcnf mit sogenannten Corona-Patienten. Ein Bett war frei. Insgesamt gibt es im Umkreis von einhundert Kilometern 1187 ITS-Betten, wie aus einem Dokument des Bundesministeriums f\u00fcr Gesundheit hervorgeht. Im Landkreis Greiz waren zum genannten Zeitpunkt keine ITS-Betten mit sogenannten Covid-Patienten belegt. Auch in den anderen Th\u00fcringer St\u00e4dten und Kreisen befanden sich anteilig nur wenige bzw. gar keine testpositiven Personen auf den Intensivstationen. In Jena waren zw\u00f6lf ITS-Betten frei, 106 belegt, davon acht mit testpositiven Personen.<\/p>\n","protected":false},"excerpt":{"rendered":"<div class=\"mh-excerpt\"><p>Im Geraer Klinikum versorgt das klinikeigenes Corona-Zentrum seit dem 1. April 2020 station\u00e4re Patienten mit Covid-19-Verdacht und nachgewiesener Infektion. Das Zentrum mit mindestens 136 Betten und maximal 272 Betten befindet sich im Bettenhaus &#8222;Haus im <a class=\"mh-excerpt-more\" href=\"https:\/\/www.studiogera.de\/001\/2020\/11\/25\/die-corona-situation-auf-den-intensiv-stationen\/\" title=\"DIE CORONA-SITUATION AUF DEN INTENSIV-STATIONEN\">[&#8230;]<\/a><\/p>\n<\/div>","protected":false},"author":2,"featured_media":2164,"comment_status":"open","ping_status":"open","sticky":false,"template":"","format":"standard","meta":{"footnotes":""},"categories":[16],"tags":[],"class_list":{"0":"post-13317","1":"post","2":"type-post","3":"status-publish","4":"format-standard","5":"has-post-thumbnail","7":"category-kurzmitteilungen"},"_links":{"self":[{"href":"https:\/\/www.studiogera.de\/001\/wp-json\/wp\/v2\/posts\/13317","targetHints":{"allow":["GET"]}}],"collection":[{"href":"https:\/\/www.studiogera.de\/001\/wp-json\/wp\/v2\/posts"}],"about":[{"href":"https:\/\/www.studiogera.de\/001\/wp-json\/wp\/v2\/types\/post"}],"author":[{"embeddable":true,"href":"https:\/\/www.studiogera.de\/001\/wp-json\/wp\/v2\/users\/2"}],"replies":[{"embeddable":true,"href":"https:\/\/www.studiogera.de\/001\/wp-json\/wp\/v2\/comments?post=13317"}],"version-history":[{"count":1,"href":"https:\/\/www.studiogera.de\/001\/wp-json\/wp\/v2\/posts\/13317\/revisions"}],"predecessor-version":[{"id":13318,"href":"https:\/\/www.studiogera.de\/001\/wp-json\/wp\/v2\/posts\/13317\/revisions\/13318"}],"wp:featuredmedia":[{"embeddable":true,"href":"https:\/\/www.studiogera.de\/001\/wp-json\/wp\/v2\/media\/2164"}],"wp:attachment":[{"href":"https:\/\/www.studiogera.de\/001\/wp-json\/wp\/v2\/media?parent=13317"}],"wp:term":[{"taxonomy":"category","embeddable":true,"href":"https:\/\/www.studiogera.de\/001\/wp-json\/wp\/v2\/categories?post=13317"},{"taxonomy":"post_tag","embeddable":true,"href":"https:\/\/www.studiogera.de\/001\/wp-json\/wp\/v2\/tags?post=13317"}],"curies":[{"name":"wp","href":"https:\/\/api.w.org\/{rel}","templated":true}]}}