{"id":13319,"date":"2020-11-26T02:21:15","date_gmt":"2020-11-26T01:21:15","guid":{"rendered":"http:\/\/www.studiogera.de\/001\/?p=13319"},"modified":"2020-11-26T02:21:17","modified_gmt":"2020-11-26T01:21:17","slug":"verlaengerung-der-restriktionen-bis-20-dezember-2020","status":"publish","type":"post","link":"https:\/\/www.studiogera.de\/001\/2020\/11\/26\/verlaengerung-der-restriktionen-bis-20-dezember-2020\/","title":{"rendered":"VERL\u00c4NGERUNG DER RESTRIKTIONEN BIS 20. DEZEMBER 2020"},"content":{"rendered":"\n<p>Die Corona-Restriktionen sollen bis 20. Dezember 2020 verl\u00e4ngert und teilweise ausgeweitet werden, wobei es Sonderregelungen f\u00fcr die Zeit vom 23. Dezember bis 1. Januar 2021 geben wird. Darauf einigten sich Kanzlerin Merkel und die Ministerpr\u00e4sidenten der L\u00e4nder am Mittwoch, den 25. November 2020.<\/p>\n\n\n\n<p>Am dem 1. Dezember gelten strengere Regeln f\u00fcr Treffen mit anderen Menschen. H\u00f6chstens f\u00fcnd Personen aus maximal zwei Haushaltungen d\u00fcrfen einander begegnen. Davon ausgenommen sind Kinder unter 14 Jahren. Weiterhin ruft die Regierung die B\u00fcrger dazu auf, m\u00f6glichst zu Hause zu bleiben und nicht notwendige Kontakte zu vermeiden.<\/p>\n\n\n\n<p>In der Zeit zwischen dem 23. Dezember und 1. Januar 2021 werden Treffen eines Hausstandes mit Menschen aus mehreren anderen Hausst\u00e4nden erlaubt sein, wobei hier eine Grenze von maximal zehn Personen gilt. Auch hier sind Kinder bis zu einem Alter von 14 Jahren ausgenommen.<\/p>\n\n\n\n<p>Ein generelles Verbot von Silvesterfeuerwerk wird es nicht geben, jedoch die Empfehlung, darauf zu verzichten. Verboten wird es auf auf belebten \u00f6ffentlichen Stra\u00dfen und Pl\u00e4tzen, welche von den \u00f6rtlichen Beh\u00f6rden zu bestimmen sind.<\/p>\n\n\n\n<p>Schulen und Kindertagesst\u00e4tten bleiben ge\u00f6ffnet. Wenn der Sieben-Tage-Wert die Zahl 50 \u00fcberschreitet, muss k\u00fcnftig ab Klasse 7 im Unterricht eine Maske getragen werden. Hochschulen und Universit\u00e4ten sollen, soweit es in der jeweiligen Fachrichtung m\u00f6glich ist, digitalen Fernunterricht einf\u00fchren.<\/p>\n\n\n\n<p>Masken m\u00fcssen k\u00fcnftig auch vor Einzelhandelsgesch\u00e4ften, auf Parkpl\u00e4tzen und in geschlossenen R\u00e4umen mit Kundenverkehr getragen werden. Abgenommen werden darf sie nur am eigenen Arbeitsplatz, wenn ein Abstand von mindestens anderthalb Metern zu anderen Personen eingehalten werden kann.<\/p>\n\n\n\n<p>Im Einzelhandel darf sich auf einer Fl\u00e4che von jeweils 25 Quadratmetern nicht mehr als eine Person aufhalten. Der Aufenthalt von einer Person je zehn Quadratmeter Verkaufsfl\u00e4che ist erlaubt, wenn die Fl\u00e4che 800 Quadratmeter nicht \u00fcberschreitet. Auf gr\u00f6\u00dferen Fl\u00e4chen darf sich h\u00f6chstens eine Person je 20 Quadratmeter bewegen.<\/p>\n\n\n\n<p>Die Dauer der h\u00e4uslichen Quarant\u00e4ne wurde f\u00fcr einen Intervall auf zehn Tage festgelegt. Sie kann bei einem negativen Antigen-Schnelltest auch verk\u00fcrzt werden.<\/p>\n\n\n\n<p>Bei einem Sieben-Tage-Wert von \u00fcber 200 sowie \u201ediffusem<br>Infektionsgeschehen\u201d sollen diese Ma\u00dfnahmen nochmals erweitert werden, um kurzfristig eine deutliche Absenkung zu erreichen.<\/p>\n\n\n\n<p>Das offizielle Dokument der Bundesregierung ist abrufbar unter folgender Adresse:<\/p>\n\n\n\n<p><a href=\"https:\/\/www.bundesregierung.de\/resource\/blob\/997532\/1820090\/11c9749f77a71b9439759538864aa672\/2020-11-25-mpk-beschluss-data.pdf?download=1\" data-type=\"URL\" data-id=\"https:\/\/www.bundesregierung.de\/resource\/blob\/997532\/1820090\/11c9749f77a71b9439759538864aa672\/2020-11-25-mpk-beschluss-data.pdf?download=1\">2020-11-25-mpk-beschluss-data.pdf (bundesregierung.de)<\/a><\/p>\n\n\n\n<p>Die L\u00e4nder werden nun entsprechende Verordnungen erstellen, und die Kommunen darauf basierende Allgemeinverf\u00fcgungen.<\/p>\n\n\n\n<p>Kanzlerin Angela Merkel sagte, man brauche noch einmal eine Kraftanstrengung. Eine Trendumkehr sei noch nicht erreicht worden, und die Infektionszahlen verharrten auf einem hohen Niveau.<\/p>\n","protected":false},"excerpt":{"rendered":"<div class=\"mh-excerpt\"><p>Die Corona-Restriktionen sollen bis 20. Dezember 2020 verl\u00e4ngert und teilweise ausgeweitet werden, wobei es Sonderregelungen f\u00fcr die Zeit vom 23. Dezember bis 1. Januar 2021 geben wird. Darauf einigten sich Kanzlerin Merkel und die Ministerpr\u00e4sidenten <a class=\"mh-excerpt-more\" href=\"https:\/\/www.studiogera.de\/001\/2020\/11\/26\/verlaengerung-der-restriktionen-bis-20-dezember-2020\/\" title=\"VERL\u00c4NGERUNG DER RESTRIKTIONEN BIS 20. DEZEMBER 2020\">[&#8230;]<\/a><\/p>\n<\/div>","protected":false},"author":2,"featured_media":9859,"comment_status":"open","ping_status":"open","sticky":false,"template":"","format":"standard","meta":{"footnotes":""},"categories":[2],"tags":[],"class_list":{"0":"post-13319","1":"post","2":"type-post","3":"status-publish","4":"format-standard","5":"has-post-thumbnail","7":"category-weltweit"},"_links":{"self":[{"href":"https:\/\/www.studiogera.de\/001\/wp-json\/wp\/v2\/posts\/13319","targetHints":{"allow":["GET"]}}],"collection":[{"href":"https:\/\/www.studiogera.de\/001\/wp-json\/wp\/v2\/posts"}],"about":[{"href":"https:\/\/www.studiogera.de\/001\/wp-json\/wp\/v2\/types\/post"}],"author":[{"embeddable":true,"href":"https:\/\/www.studiogera.de\/001\/wp-json\/wp\/v2\/users\/2"}],"replies":[{"embeddable":true,"href":"https:\/\/www.studiogera.de\/001\/wp-json\/wp\/v2\/comments?post=13319"}],"version-history":[{"count":2,"href":"https:\/\/www.studiogera.de\/001\/wp-json\/wp\/v2\/posts\/13319\/revisions"}],"predecessor-version":[{"id":13321,"href":"https:\/\/www.studiogera.de\/001\/wp-json\/wp\/v2\/posts\/13319\/revisions\/13321"}],"wp:featuredmedia":[{"embeddable":true,"href":"https:\/\/www.studiogera.de\/001\/wp-json\/wp\/v2\/media\/9859"}],"wp:attachment":[{"href":"https:\/\/www.studiogera.de\/001\/wp-json\/wp\/v2\/media?parent=13319"}],"wp:term":[{"taxonomy":"category","embeddable":true,"href":"https:\/\/www.studiogera.de\/001\/wp-json\/wp\/v2\/categories?post=13319"},{"taxonomy":"post_tag","embeddable":true,"href":"https:\/\/www.studiogera.de\/001\/wp-json\/wp\/v2\/tags?post=13319"}],"curies":[{"name":"wp","href":"https:\/\/api.w.org\/{rel}","templated":true}]}}