{"id":13322,"date":"2020-11-26T02:37:44","date_gmt":"2020-11-26T01:37:44","guid":{"rendered":"http:\/\/www.studiogera.de\/001\/?p=13322"},"modified":"2020-11-26T02:37:46","modified_gmt":"2020-11-26T01:37:46","slug":"polyphon-von-juli-bis-september-2021-in-gera","status":"publish","type":"post","link":"https:\/\/www.studiogera.de\/001\/2020\/11\/26\/polyphon-von-juli-bis-september-2021-in-gera\/","title":{"rendered":"\u201ePOLYPHON\u201c VON JULI BIS SEPTEMBER 2021 IN GERA"},"content":{"rendered":"\n<p>Mit gro\u00dfer Freude erhielt das Geraer Kulturamt in diesen Tagen die Zusage der Bundeskulturstiftung zur F\u00f6rderung des hochkar\u00e4tigen Ausstellungsprojektes \u201ePolyphon. Mehrstimmigkeit in Bild und Ton\u201c, das im kommenden Jahr von Juli bis September gleichzeitig in zwei Geraer Museen stattfinden wird. Die Ausstellung wird vom 2. Juli bis 19. September 2021 in der Orangerie sowie parallel im Museum f\u00fcr Angewandte Kunst pr\u00e4sentiert. Anschlie\u00dfend wandert sie in das Mus\u00e9e d\u2019art et d\u2019histoire Paul Eluard nach Saint-Denis \u2014 ein Ergebnis der besonders intensiven Partnerarbeit mit Geras franz\u00f6sischer Partnerstadt, dem Deutschen Forum f\u00fcr Kunstgeschichte Paris und der Universit\u00e4ten Paris 8, Rennes und der Universit\u00e4t der K\u00fcnste sowie der Bauhaus-Universit\u00e4t Weimar.<\/p>\n\n\n\n<p>Das Ausstellungskonzept, das von der Pariser Kuratorin Dr. Anne Zeitz in Zusammenarbeit mit der Kulturamtsleiterin erarbeitet wurde, \u00fcberzeugte die durch die Kulturstiftung des Bundes einberufene namhafte Jury. Die Kulturamtsleiterin Dr. Claudia Tittel ist stolz und gl\u00fccklich zugleich, dass erstmalig ein museales Ausstellungsprojekt seitens der Bundeskulturstiftung gef\u00f6rdert und somit auf sichere F\u00fc\u00dfe gestellt wird. \u201eEine solche F\u00f6rderung zu erhalten, ist nicht nur wie ein bunter Blumenstrau\u00df zum Geburtstag, sondern ist eine gro\u00dfe Auszeichnung f\u00fcr unsere Museen. Nur die besten Projekte werden von der Kulturstiftung favorisiert\u201c, so die Kulturamtsleiterin.<\/p>\n\n\n\n<p>Best\u00e4rkt durch die positiven Signale der F\u00f6rderung des Projektes, wie zum Beispiel durch die Kulturstiftung des Bundes, gehen nun die Kuratorin und Organisatoren der&nbsp; beteiligten Geraer Museen sowie das Kulturamt die gro\u00dfe Herausforderung an, bis zur Ausstellungser\u00f6ffnung im Juli 2021 unz\u00e4hlige Vorbereitungsarbeiten zu leisten. Die Arbeit erstreckt sich \u00fcber viele internationale Grenzen hinweg. Sei es der Kontakt zu den K\u00fcnstlern und K\u00fcnstlerinnen aus neun Nationen verschiedener Kontinente oder die Zusammenarbeit mit Botschaften, Instituten und Universit\u00e4ten. Am Ende wird ein Ausstellungsprojekt in Gera zu erleben sein, das in seiner Art einmalig ist und \u00fcber die Th\u00fcringer Grenzen hinaus strahlen wird.<\/p>\n\n\n\n<p>\u201ePolyphon\u201c holt Werke internationaler K\u00fcnstler, u. a. aus Deutschland, Frankreich, Japan, Gro\u00dfbritannien, den USA und S\u00fcdafrika erstmalig nach Gera. Aber auch Werke aus der Kunstsammlung Gera wie z. B. von Jorinde Voigt werden ausgestellt. Die Chemnitzer Kunstsammlungen werden zudem Werke von Carlfriedrich Claus ausleihen. Alle Arbeiten setzen sich mit dem Aufeinandertreffen multipler Stimmen und Kl\u00e4nge, in sowohl konvergenten als auch divergenten Zusammensetzungen auseinander. Aus unterschiedlichen Zeitr\u00e4umen, von den 1970ern bis heute, und geografischen Kontexten, befassen sich die K\u00fcnstler mit der Wirkung und Kraft von pluralen Kl\u00e4ngen. Die Installationen, Videos, Performances und Zeichnungen behandeln sowohl wahrnehmungsbezogene Aspekte als auch die soziokulturelle und politische Dimension der Mehrstimmigkeit. Die Ausstellung versucht Spannungsfelder zwischen dem Multiplen und dem Organisiertem, dem Individuellen und dem Kollektiven, der Harmonie und der Dissonanz in Einklang zu bringen.<\/p>\n\n\n\n<p>Neben der Bundeskulturstiftung haben auch die Th\u00fcringer Staatskanzlei und die Sparkassenfinanzgruppe bereits finanzielle Unterst\u00fctzung zugesagt. Gespr\u00e4che fanden au\u00dferdem mit der Bundeszentrale f\u00fcr politische Bildung und weiteren Partnerinstitutionen wie z. B. dem Institut Fran\u00e7ais oder dem Deutschen Forum f\u00fcr Kunstgeschichte in Paris statt. Ein F\u00f6rderantrag liegt au\u00dferdem noch der Kulturstiftung Th\u00fcringen vor, die im Dezember tagt.<\/p>\n\n\n\n<p>QUELLE: STADTVERWALTUNG<\/p>\n","protected":false},"excerpt":{"rendered":"<div class=\"mh-excerpt\"><p>Mit gro\u00dfer Freude erhielt das Geraer Kulturamt in diesen Tagen die Zusage der Bundeskulturstiftung zur F\u00f6rderung des hochkar\u00e4tigen Ausstellungsprojektes \u201ePolyphon. Mehrstimmigkeit in Bild und Ton\u201c, das im kommenden Jahr von Juli bis September gleichzeitig in <a class=\"mh-excerpt-more\" href=\"https:\/\/www.studiogera.de\/001\/2020\/11\/26\/polyphon-von-juli-bis-september-2021-in-gera\/\" title=\"\u201ePOLYPHON\u201c VON JULI BIS SEPTEMBER 2021 IN GERA\">[&#8230;]<\/a><\/p>\n<\/div>","protected":false},"author":2,"featured_media":13323,"comment_status":"open","ping_status":"open","sticky":false,"template":"","format":"standard","meta":{"footnotes":""},"categories":[8],"tags":[],"class_list":{"0":"post-13322","1":"post","2":"type-post","3":"status-publish","4":"format-standard","5":"has-post-thumbnail","7":"category-kultur"},"_links":{"self":[{"href":"https:\/\/www.studiogera.de\/001\/wp-json\/wp\/v2\/posts\/13322","targetHints":{"allow":["GET"]}}],"collection":[{"href":"https:\/\/www.studiogera.de\/001\/wp-json\/wp\/v2\/posts"}],"about":[{"href":"https:\/\/www.studiogera.de\/001\/wp-json\/wp\/v2\/types\/post"}],"author":[{"embeddable":true,"href":"https:\/\/www.studiogera.de\/001\/wp-json\/wp\/v2\/users\/2"}],"replies":[{"embeddable":true,"href":"https:\/\/www.studiogera.de\/001\/wp-json\/wp\/v2\/comments?post=13322"}],"version-history":[{"count":1,"href":"https:\/\/www.studiogera.de\/001\/wp-json\/wp\/v2\/posts\/13322\/revisions"}],"predecessor-version":[{"id":13324,"href":"https:\/\/www.studiogera.de\/001\/wp-json\/wp\/v2\/posts\/13322\/revisions\/13324"}],"wp:featuredmedia":[{"embeddable":true,"href":"https:\/\/www.studiogera.de\/001\/wp-json\/wp\/v2\/media\/13323"}],"wp:attachment":[{"href":"https:\/\/www.studiogera.de\/001\/wp-json\/wp\/v2\/media?parent=13322"}],"wp:term":[{"taxonomy":"category","embeddable":true,"href":"https:\/\/www.studiogera.de\/001\/wp-json\/wp\/v2\/categories?post=13322"},{"taxonomy":"post_tag","embeddable":true,"href":"https:\/\/www.studiogera.de\/001\/wp-json\/wp\/v2\/tags?post=13322"}],"curies":[{"name":"wp","href":"https:\/\/api.w.org\/{rel}","templated":true}]}}