{"id":13367,"date":"2020-11-30T18:56:27","date_gmt":"2020-11-30T17:56:27","guid":{"rendered":"http:\/\/www.studiogera.de\/001\/?p=13367"},"modified":"2020-11-30T18:56:29","modified_gmt":"2020-11-30T17:56:29","slug":"der-adventskalender-des-theaters-altenburg-gera","status":"publish","type":"post","link":"https:\/\/www.studiogera.de\/001\/2020\/11\/30\/der-adventskalender-des-theaters-altenburg-gera\/","title":{"rendered":"DER ADVENTSKALENDER DES THEATERS ALTENBURG GERA"},"content":{"rendered":"\n<p>Weihnachtszeit ohne Konzerte, Ballett und Theater? Unvorstellbar! Am Theater Altenburg Gera k\u00f6nnen aus bekannten Gr\u00fcnden vorerst keine Veranstaltungen stattfinden. Um das Publikum nun aber in dieser besonderen Zeit trotzdem mit etwas Kultur zu erfreuen, haben die Theaterleute einen digitalen Adventskalender vorbereitet. Vom 1. bis 24. Dezember 2020 wird t\u00e4glich ein kleines Video auf der Facebook- und der Instagramseite des Theaters Altenburg Gera ver\u00f6ffentlicht. Hinter den bunten T\u00fcrchen werden Weihnachtslieder, Kammermusik, Tanzeinlagen, Lesungen und einige \u00dcberraschungen zu sehen sein. Mal stimmungsvoll und besinnlich, mal humorvoll oder m\u00e4rchenhaft \u2014 die K\u00fcnstler und Mitarbeiter des Theaters haben 24 vielf\u00e4ltige Beitr\u00e4ge vorbereitet, mit denen man w\u00e4hrend der Weihnachtszeit zumindest digital mit allen Theaterfreunden in Verbindung bleiben will.<\/p>\n\n\n\n<p><a href=\"http:\/\/www.facebook.com\/theater.altenburg.gera\" target=\"_blank\" rel=\"noreferrer noopener\">www.facebook.com\/theater.altenburg.gera<\/a><\/p>\n\n\n\n<p><a href=\"http:\/\/www.instagram.com\/theater_altenburg_gera\" target=\"_blank\" rel=\"noreferrer noopener\">www.instagram.com\/theater_altenburg_gera<\/a><\/p>\n","protected":false},"excerpt":{"rendered":"<div class=\"mh-excerpt\"><p>Weihnachtszeit ohne Konzerte, Ballett und Theater? Unvorstellbar! Am Theater Altenburg Gera k\u00f6nnen aus bekannten Gr\u00fcnden vorerst keine Veranstaltungen stattfinden. Um das Publikum nun aber in dieser besonderen Zeit trotzdem mit etwas Kultur zu erfreuen, haben <a class=\"mh-excerpt-more\" href=\"https:\/\/www.studiogera.de\/001\/2020\/11\/30\/der-adventskalender-des-theaters-altenburg-gera\/\" title=\"DER ADVENTSKALENDER DES THEATERS ALTENBURG GERA\">[&#8230;]<\/a><\/p>\n<\/div>","protected":false},"author":2,"featured_media":13369,"comment_status":"open","ping_status":"open","sticky":false,"template":"","format":"standard","meta":{"footnotes":""},"categories":[15],"tags":[],"class_list":{"0":"post-13367","1":"post","2":"type-post","3":"status-publish","4":"format-standard","5":"has-post-thumbnail","7":"category-theater"},"_links":{"self":[{"href":"https:\/\/www.studiogera.de\/001\/wp-json\/wp\/v2\/posts\/13367","targetHints":{"allow":["GET"]}}],"collection":[{"href":"https:\/\/www.studiogera.de\/001\/wp-json\/wp\/v2\/posts"}],"about":[{"href":"https:\/\/www.studiogera.de\/001\/wp-json\/wp\/v2\/types\/post"}],"author":[{"embeddable":true,"href":"https:\/\/www.studiogera.de\/001\/wp-json\/wp\/v2\/users\/2"}],"replies":[{"embeddable":true,"href":"https:\/\/www.studiogera.de\/001\/wp-json\/wp\/v2\/comments?post=13367"}],"version-history":[{"count":1,"href":"https:\/\/www.studiogera.de\/001\/wp-json\/wp\/v2\/posts\/13367\/revisions"}],"predecessor-version":[{"id":13370,"href":"https:\/\/www.studiogera.de\/001\/wp-json\/wp\/v2\/posts\/13367\/revisions\/13370"}],"wp:featuredmedia":[{"embeddable":true,"href":"https:\/\/www.studiogera.de\/001\/wp-json\/wp\/v2\/media\/13369"}],"wp:attachment":[{"href":"https:\/\/www.studiogera.de\/001\/wp-json\/wp\/v2\/media?parent=13367"}],"wp:term":[{"taxonomy":"category","embeddable":true,"href":"https:\/\/www.studiogera.de\/001\/wp-json\/wp\/v2\/categories?post=13367"},{"taxonomy":"post_tag","embeddable":true,"href":"https:\/\/www.studiogera.de\/001\/wp-json\/wp\/v2\/tags?post=13367"}],"curies":[{"name":"wp","href":"https:\/\/api.w.org\/{rel}","templated":true}]}}