{"id":13371,"date":"2020-11-30T21:14:23","date_gmt":"2020-11-30T20:14:23","guid":{"rendered":"http:\/\/www.studiogera.de\/001\/?p=13371"},"modified":"2020-11-30T21:14:24","modified_gmt":"2020-11-30T20:14:24","slug":"aktionstag-deutscher-theater-und-orchester","status":"publish","type":"post","link":"https:\/\/www.studiogera.de\/001\/2020\/11\/30\/aktionstag-deutscher-theater-und-orchester\/","title":{"rendered":"AKTIONSTAG DEUTSCHER THEATER UND ORCHESTER"},"content":{"rendered":"\n<p>Das Theater Altenburg Gera beteiligte sich am Montag, den 30. November 2020, am deutschlandweiten Aktionstag \u201eWir sind da!\u201d, der durch die Intendantengruppe des Deutschen B\u00fchnenvereins vor dem Hintergrund der andauernden Schlie\u00dfung von Theater- und Konzerth\u00e4usern initiiert wurde. Auf dem Theatervorplatz in Gera trat Sabine Schramm, Leiterin des Puppentheaters auf. Vor dem Theaterhaus in Altenburg war es Schauspieler Sebastian Schlicht in seiner Rolle als Pinocchio. Beide haben Luftballons mit Postkarten in den Himmel steigen lassen um Gr\u00fc\u00dfe \u00fcber die Distanz ans Publikum zu senden. Als k\u00fcnstlerisches Lebenszeichen sollen die Karten an den Ballons die Finderinnen und Finder \u00fcberraschen und inspirieren.<\/p>\n\n\n\n<p>Ein Video der Aktion in Altenburg und Gera ist zu finden unter der nachfolgenden Adresse:<\/p>\n\n\n\n<figure class=\"wp-block-embed-youtube wp-block-embed is-type-video is-provider-youtube wp-embed-aspect-16-9 wp-has-aspect-ratio\"><div class=\"wp-block-embed__wrapper\">\n<iframe loading=\"lazy\" title=\"Aktionstag #wirsindda 30.11.2020\" width=\"500\" height=\"281\" src=\"https:\/\/www.youtube.com\/embed\/z7dWwCaSDhQ?feature=oembed\" frameborder=\"0\" allow=\"accelerometer; autoplay; clipboard-write; encrypted-media; gyroscope; picture-in-picture; web-share\" referrerpolicy=\"strict-origin-when-cross-origin\" allowfullscreen><\/iframe>\n<\/div><\/figure>\n\n\n\n<p>Mit deutschlandweit unterschiedlichen k\u00fcnstlerischen Aktionen aus Abstand, digitalen Aktivit\u00e4ten und Kampagnen soll die Bedeutung von Kultur sowie Theatern und Orchestern f\u00fcr den sozialen Zusammenhalt, die gesellschaftliche Orientierung und die individuelle Sinnstiftung betont werden. Dazu geh\u00f6rt auch die Solidarit\u00e4t mit anderen Institutionen des \u00f6ffentlichen Lebens, Kultureinrichtungen und freischaffenden K\u00fcnstler und mit all denen, die durch die Situation existentiell bedroht sind.<\/p>\n\n\n\n<p>Spectyou unterst\u00fctzt den Aktionstag und m\u00f6chte dazu beitragen, ein Zeichen von Zuversicht, k\u00fcnstlerischer Energie und Verbundenheit zum Publikum zu setzen. Auf der Website www.spectyou-aktionstag.com werden die Beitr\u00e4ge der Theater und Orchester gesammelt dokumentiert.<\/p>\n\n\n\n<blockquote class=\"wp-block-quote is-layout-flow wp-block-quote-is-layout-flow\"><p>\u00bbTheater und Orchester sind offene Diskursr\u00e4ume unserer demokratischen Gesellschaft und eine Einladung, das Verbindende zu suchen und der Polarisierung entgegen zu wirken. \u00dcber die Kunst verst\u00e4ndigen wir uns dar\u00fcber, wie wir zusammenleben wollen, \u00fcben uns in Empathie und Mut, erm\u00f6glichen Teilhabe. Wenn sich die Theater und Orchester zurzeit auch nicht als Orte des Zusammenkommens zur Verf\u00fcgung stellen k\u00f6nnen, so m\u00f6chten sie dennoch einen Impuls von Lebendigkeit geben und ihrem Glauben an die k\u00fcnstlerische Utopie Ausdruck verleihen. Sobald es wieder m\u00f6glich ist, stehen sie f\u00fcr die k\u00fcnstlerische Aufarbeitung unserer gesellschaftlichen Krise zur Verf\u00fcgung.\u00ab<\/p><cite><em>Der Vorstand der Intendantengruppe des Deutschen B\u00fchnenvereins<\/em><\/cite><\/blockquote>\n\n\n\n<p>In den Theatern und Orchestern wird weiterhin optimistisch und mit der bisher gezeigten Flexibilit\u00e4t und dem ihnen eigenen Verantwortungsbewusstsein auf eine baldige Wieder\u00f6ffnung hingearbeitet. Produktionen werden geprobt und warten auf ihre Premieren.<\/p>\n","protected":false},"excerpt":{"rendered":"<div class=\"mh-excerpt\"><p>Das Theater Altenburg Gera beteiligte sich am Montag, den 30. November 2020, am deutschlandweiten Aktionstag \u201eWir sind da!\u201d, der durch die Intendantengruppe des Deutschen B\u00fchnenvereins vor dem Hintergrund der andauernden Schlie\u00dfung von Theater- und Konzerth\u00e4usern <a class=\"mh-excerpt-more\" href=\"https:\/\/www.studiogera.de\/001\/2020\/11\/30\/aktionstag-deutscher-theater-und-orchester\/\" title=\"AKTIONSTAG DEUTSCHER THEATER UND ORCHESTER\">[&#8230;]<\/a><\/p>\n<\/div>","protected":false},"author":2,"featured_media":13372,"comment_status":"open","ping_status":"open","sticky":false,"template":"","format":"standard","meta":{"footnotes":""},"categories":[15],"tags":[],"class_list":{"0":"post-13371","1":"post","2":"type-post","3":"status-publish","4":"format-standard","5":"has-post-thumbnail","7":"category-theater"},"_links":{"self":[{"href":"https:\/\/www.studiogera.de\/001\/wp-json\/wp\/v2\/posts\/13371","targetHints":{"allow":["GET"]}}],"collection":[{"href":"https:\/\/www.studiogera.de\/001\/wp-json\/wp\/v2\/posts"}],"about":[{"href":"https:\/\/www.studiogera.de\/001\/wp-json\/wp\/v2\/types\/post"}],"author":[{"embeddable":true,"href":"https:\/\/www.studiogera.de\/001\/wp-json\/wp\/v2\/users\/2"}],"replies":[{"embeddable":true,"href":"https:\/\/www.studiogera.de\/001\/wp-json\/wp\/v2\/comments?post=13371"}],"version-history":[{"count":1,"href":"https:\/\/www.studiogera.de\/001\/wp-json\/wp\/v2\/posts\/13371\/revisions"}],"predecessor-version":[{"id":13373,"href":"https:\/\/www.studiogera.de\/001\/wp-json\/wp\/v2\/posts\/13371\/revisions\/13373"}],"wp:featuredmedia":[{"embeddable":true,"href":"https:\/\/www.studiogera.de\/001\/wp-json\/wp\/v2\/media\/13372"}],"wp:attachment":[{"href":"https:\/\/www.studiogera.de\/001\/wp-json\/wp\/v2\/media?parent=13371"}],"wp:term":[{"taxonomy":"category","embeddable":true,"href":"https:\/\/www.studiogera.de\/001\/wp-json\/wp\/v2\/categories?post=13371"},{"taxonomy":"post_tag","embeddable":true,"href":"https:\/\/www.studiogera.de\/001\/wp-json\/wp\/v2\/tags?post=13371"}],"curies":[{"name":"wp","href":"https:\/\/api.w.org\/{rel}","templated":true}]}}