{"id":13374,"date":"2020-11-30T21:33:54","date_gmt":"2020-11-30T20:33:54","guid":{"rendered":"http:\/\/www.studiogera.de\/001\/?p=13374"},"modified":"2020-11-30T21:33:56","modified_gmt":"2020-11-30T20:33:56","slug":"jubilaeumskonzert-des-reussischen-kammerorchesters","status":"publish","type":"post","link":"https:\/\/www.studiogera.de\/001\/2020\/11\/30\/jubilaeumskonzert-des-reussischen-kammerorchesters\/","title":{"rendered":"JUBIL\u00c4UMSKONZERT DES REUSSISCHEN KAMMERORCHESTERS"},"content":{"rendered":"\n<p>Aufgrund der verl\u00e4ngerten Corona-Restriktionen kann das vierte Philharmonische Konzert zum 60-j\u00e4hrigen Bestehen des Reussischen Kammerorchesters am Theater Altenburg Gera nicht wie angek\u00fcndigt stattfinden. Das Publikum muss jedoch nicht komplett verzichten, denn es gibt die M\u00f6glichkeit, das Konzert zuhause zu h\u00f6ren.<br>Die Auff\u00fchrung wird unter der Leitung des renommierten Dirigenten Werner Ehrhardt im Konzertsaal Gera ohne Publikum aufgezeichnet und am Donnerstag, 3. Dezember ab 20.03 Uhr \u00fcber Deutschlandfunk Kultur gesendet. Au\u00dferdem entsteht aus dem Mitschnitt eine CD, die voraussichtlich im Fr\u00fchjahr 2021 bei Rondeau erscheint.<\/p>\n\n\n\n<p>Zentraler Anlass des Konzertes ist das Jubil\u00e4um des Reussischen Kammerorchesters sowie zwei weitere Jubilare: Vor 250 Jahren wurde nicht nur Ludwig van Beethoven geboren, sondern auch sein Zeitgenosse, der aus Th\u00fcringen stammende Johann Christian Heinrich Rinck. Viele seiner Werke wurden jedoch nicht ediert, weshalb sein 1808 entstandenes Konzert f\u00fcr Fagott seit damals nie wieder aufgef\u00fchrt wurde. Nun bringt es Roland Schulenburg, Solofagottist des Philharmonischen Orchesters Altenburg Gera, in der extra f\u00fcr dieses Konzert neu entstandenen Edition von Michael Pauser erstmals wieder zum Erklingen. Umrahmt wird dieses Werk von Beethovens I. Sinfonie sowie weiteren Werken zeitgen\u00f6ssischer Komponisten, die seinerzeit die Th\u00fcringer Musiklandschaft pr\u00e4gten und heute auf ihre Wiederentdeckung warten: Einer Ouvert\u00fcre von Franz Seraph Destouches, ab 1799 Hofkapellmeister in Weimar, sowie die Ouvert\u00fcre zur in Th\u00fcringen vielgespielten Oper \u201eFanisca\u201c von Luigi Cherubini, den Beethoven f\u00fcr den gr\u00f6\u00dften Komponisten seiner Zeit hielt.<br>Gastdirigent Werner Ehrhardt ist als renommierter Vertreter seines Fachs Spezialist f\u00fcr musikalische Wiederentdeckungen und pr\u00e4destiniert f\u00fcr dieses au\u00dfergew\u00f6hnliche Programm.<br>Das Editionsprojekt ist eine Kooperation mit dem Institut f\u00fcr Musikwissenschaften der Hochschule f\u00fcr Musik Franz Liszt Weimar.<\/p>\n\n\n\n<p><strong>Das Reussische Kammerorchester<\/strong><br>1960 gr\u00fcndete der damalige 1. Konzertmeister Herbert Voigt das \u201eKammerorchester der B\u00fchnen der Stadt Gera\u201c aus Mitgliedern des Philharmonischen Orchesters Gera. Die Umbenennung 1989 in \u201eReussisches Kammerorchester e. V.\u201c wurde vollzogen in W\u00fcrdigung der Verdienste des F\u00fcrstenhauses Reuss j\u00fcngere Linie beim Bau und bei der k\u00fcnstlerischen Leitung des Reussischen Theaters in Gera.<br>Konzertreisen f\u00fchrten das Kammerorchester durch ganz Deutschland, nach Bulgarien und \u00d6sterreich. H\u00f6hepunkte waren Konzerte mit dem Thomanerchor Leipzig und dem Dresdner Kreuzchor. Namhafte Solisten wie z.B. Gerhard Bosse, Michael Sanderling, Andreas Hartmann oder Ludwig G\u00fcttler arbeiteten und musizierten bereits mit dem Ensemble. Mit Georg Fritzsch als Dirigent und Felix Friedrich (Orgel) wurde eine CD mit Werken von Dvo\u0159\u00e1k und Respighi eingespielt.<br>Herausragend in der Geschichte des Reussischen Kammerorchesters war die musikalische Begleitung der ersten beiden Gottesdienste zum Fest der Weihe der Dresdner Frauenkirche. Seitdem besteht eine intensive Zusammenarbeit mit dem Frauenkirchenkantor Matthias Gr\u00fcnert, die sich in vielen gemeinsamen Konzerten und mehreren CD Produktionen widerspiegelt. Im Herbst 2016 ist eine CD des Reussischen Kammerorchesters und des Kammerchors der Frauenkirche Dresden mit der Harmoniemesse von Joseph Haydn ver\u00f6ffentlicht worden. Im Gedenken an den Th\u00fcringer Komponisten J. M. Molter \u00fcbertrug im Jahre 2015 MDR Kultur das Philharmonische Konzert unter der Leitung des renommierten Dirigenten Werner Ehrhardt. 2017 erschien die aktuelle CD als Weltersteinspielung mit Werken von J. M. Molter beim Klassik-Label CPO.<\/p>\n\n\n\n<p>QUELLE: THEATER ALTENBURG GERA GGMBH<\/p>\n","protected":false},"excerpt":{"rendered":"<div class=\"mh-excerpt\"><p>Aufgrund der verl\u00e4ngerten Corona-Restriktionen kann das vierte Philharmonische Konzert zum 60-j\u00e4hrigen Bestehen des Reussischen Kammerorchesters am Theater Altenburg Gera nicht wie angek\u00fcndigt stattfinden. Das Publikum muss jedoch nicht komplett verzichten, denn es gibt die M\u00f6glichkeit, <a class=\"mh-excerpt-more\" href=\"https:\/\/www.studiogera.de\/001\/2020\/11\/30\/jubilaeumskonzert-des-reussischen-kammerorchesters\/\" title=\"JUBIL\u00c4UMSKONZERT DES REUSSISCHEN KAMMERORCHESTERS\">[&#8230;]<\/a><\/p>\n<\/div>","protected":false},"author":2,"featured_media":13375,"comment_status":"open","ping_status":"open","sticky":false,"template":"","format":"standard","meta":{"footnotes":""},"categories":[15],"tags":[],"class_list":{"0":"post-13374","1":"post","2":"type-post","3":"status-publish","4":"format-standard","5":"has-post-thumbnail","7":"category-theater"},"_links":{"self":[{"href":"https:\/\/www.studiogera.de\/001\/wp-json\/wp\/v2\/posts\/13374","targetHints":{"allow":["GET"]}}],"collection":[{"href":"https:\/\/www.studiogera.de\/001\/wp-json\/wp\/v2\/posts"}],"about":[{"href":"https:\/\/www.studiogera.de\/001\/wp-json\/wp\/v2\/types\/post"}],"author":[{"embeddable":true,"href":"https:\/\/www.studiogera.de\/001\/wp-json\/wp\/v2\/users\/2"}],"replies":[{"embeddable":true,"href":"https:\/\/www.studiogera.de\/001\/wp-json\/wp\/v2\/comments?post=13374"}],"version-history":[{"count":1,"href":"https:\/\/www.studiogera.de\/001\/wp-json\/wp\/v2\/posts\/13374\/revisions"}],"predecessor-version":[{"id":13376,"href":"https:\/\/www.studiogera.de\/001\/wp-json\/wp\/v2\/posts\/13374\/revisions\/13376"}],"wp:featuredmedia":[{"embeddable":true,"href":"https:\/\/www.studiogera.de\/001\/wp-json\/wp\/v2\/media\/13375"}],"wp:attachment":[{"href":"https:\/\/www.studiogera.de\/001\/wp-json\/wp\/v2\/media?parent=13374"}],"wp:term":[{"taxonomy":"category","embeddable":true,"href":"https:\/\/www.studiogera.de\/001\/wp-json\/wp\/v2\/categories?post=13374"},{"taxonomy":"post_tag","embeddable":true,"href":"https:\/\/www.studiogera.de\/001\/wp-json\/wp\/v2\/tags?post=13374"}],"curies":[{"name":"wp","href":"https:\/\/api.w.org\/{rel}","templated":true}]}}