{"id":13377,"date":"2020-11-30T22:26:07","date_gmt":"2020-11-30T21:26:07","guid":{"rendered":"http:\/\/www.studiogera.de\/001\/?p=13377"},"modified":"2020-11-30T22:26:09","modified_gmt":"2020-11-30T21:26:09","slug":"corona-geheime-pausengespraeche-aus-dem-krankenhaus","status":"publish","type":"post","link":"https:\/\/www.studiogera.de\/001\/2020\/11\/30\/corona-geheime-pausengespraeche-aus-dem-krankenhaus\/","title":{"rendered":"CORONA \u2013 GEHEIME PAUSENGESPR\u00c4CHE AUS DEM KRANKENHAUS"},"content":{"rendered":"\n<p>Das selbst erlebte passt oft nicht mit den Berichten aus den Fernsehnachrichten zusammen. Offen dar\u00fcber reden mag niemand. Zu gro\u00df ist die Angst, blo\u00dfgestellt zu werden, da man nicht wei\u00df, welche beruflichen Konsequenzen es hat, wenn man \u00fcber die eigenen Eindr\u00fccke spricht und auch seine Intuition einflie\u00dfen l\u00e4sst. Was meinen die Schwestern und Pfleger, wenn sie in der Pause unter sich sind, wenn kein Vorgesetzter zuh\u00f6rt, kein Journalist Fragen stellt, und alles am Tisch bleibt?<\/p>\n\n\n\n<p>Die Arbeitsbelastung ist vielerorts hoch \u2013 so wie in den vergangenen Jahren auch. Ohne die t\u00e4gliche Berichterstattung w\u00fcrde Corona sogar auf der Intensivstation gar nicht existieren. In der Rettungsleitstelle spricht man schon vom \u201eMedienvirus\u201d. Es ist \u201evon oben verordnet\u201d, aber real nicht wahrnehmbar, meint der Sanit\u00e4ter. Die Krankenschwester wird von der Leitung auf Linie gebracht, sonst w\u00fcrde sie das vor Ort an den Stationsbetten \u00fcberhaupt nicht bemerken. Die Situation ist nicht anders als in den Jahren davor, hat jetzt aber einen anderen Namen: Corona ist Schuld an allem! Wie schlimm das Virus doch \u00fcberall w\u00fctet, dar\u00fcber wird sie einmal mehr nach getaner Arbeit aufgekl\u00e4rt: Der B\u00e4cker wei\u00df es aus der Tagesschau, der Fleischer aus der Zeitung: \u201eDie Zahlen gehen immer weiter nach oben!\u201d Jeder einzelne muss sich jetzt sich an die Regeln halten, sonst werden die Regeln weitergehen, bis der Impfstoff zur Verf\u00fcgung steht.<\/p>\n\n\n\n<p>Worum geht es hier also wirklich? Es sind doch nicht mehr Patienten als sonst in der Klinik. Engp\u00e4sse gab es im Winter schon immer, aber nun wird bei vielen ein Abstrich genommen. Ist der positiv, z\u00e4hlt jemand mit Schlaganfall, Blinddarmentz\u00fcndung oder H\u00fcftfraktur pl\u00f6tzlich als Corona-Patient. Personen, die einmal positiv getestet wurden und sp\u00e4ter an ihrer eigentlichen Krankheit versterben, werden grunds\u00e4tzlich auch in die Corona-Statistik aufgenommen.<\/p>\n\n\n\n<p>\u201eIm Herbst 2019 meinten einige Politiker, wir h\u00e4tten zu viele Krankenh\u00e4user, obwohl die Kapazit\u00e4ten im Gesundheitswesen schon seit vielen Jahren reduziert werden\u201d. Nun ist diese reduzierte Kapazit\u00e4t der Ma\u00dfstab des Handelns und entscheidend f\u00fcr die Grundrechte. Dann kann man doch die Grundrechte immer weiter einschr\u00e4nken, indem man die Kapazit\u00e4ten, wie es sich einige Politiker w\u00fcnschen, noch st\u00e4rker reduziert und vornehmlich die kommunalen Krankenh\u00e4user schlie\u00dft. Ganz nebenbei k\u00f6nnen die privaten ihren Anteil gleichzeitig weiter ausbauen.<\/p>\n\n\n\n<p>Mindestens sechs Monate lang soll der zweite Lockdown dauern, war doch Anfang 2020 in so einem dubiosen Papier zu lesen. Was meint der Arzt dazu? \u201eEs gibt unz\u00e4hlige Verschw\u00f6rungstheorien.\u201d \u2013 Das Serum kommt wohl im zweiten Lockdown und soll zuerst den Risikogruppen gegeben werden. Erst, wenn alle geimpft sind, kann die Normalit\u00e4t allm\u00e4hlich wieder zur\u00fcckkehren, wurde gesagt.<\/p>\n\n\n\n<p>Hier ist etwas anderes im Busch! \u201eWerden die Alten und Kranken vielleicht einfach weggeimpft, weil es immer mehr werden?\u201d Die Nebenwirkungen k\u00f6nnten doch erst nach mehreren Monaten oder Jahren eintreten, und zwar so, dass man an einer gew\u00f6hnlichen Influenza t\u00f6dlich erkrankt, weil das Immunsystem allm\u00e4hlich dauerhaft geschw\u00e4cht wird. \u2013 Ja, dann br\u00e4uchte man nat\u00fcrlich ein zweites Medienvirus, um das zu verschleiern. \u2013 Dann warten wir einfach mal ab, ob im n\u00e4chsten Fr\u00fchjahr, wenn schon etliche Leute geimpft sind, eine zweite Pandemie inszeniert wird. Vorstellbar w\u00e4re doch, dass ein krasser Shutdown im Januar und die drohende dritte Welle ungemein Angst machen, die Impfquote erh\u00f6hen, und das MERS-Virus aus der Ger\u00fcchtek\u00fcche ein paar Monate sp\u00e4ter die geschw\u00e4chten Immunsysteme kollabieren l\u00e4sst.<\/p>\n","protected":false},"excerpt":{"rendered":"<div class=\"mh-excerpt\"><p>Das selbst erlebte passt oft nicht mit den Berichten aus den Fernsehnachrichten zusammen. Offen dar\u00fcber reden mag niemand. Zu gro\u00df ist die Angst, blo\u00dfgestellt zu werden, da man nicht wei\u00df, welche beruflichen Konsequenzen es hat, <a class=\"mh-excerpt-more\" href=\"https:\/\/www.studiogera.de\/001\/2020\/11\/30\/corona-geheime-pausengespraeche-aus-dem-krankenhaus\/\" title=\"CORONA \u2013 GEHEIME PAUSENGESPR\u00c4CHE AUS DEM KRANKENHAUS\">[&#8230;]<\/a><\/p>\n<\/div>","protected":false},"author":2,"featured_media":13380,"comment_status":"open","ping_status":"open","sticky":false,"template":"","format":"standard","meta":{"footnotes":""},"categories":[6],"tags":[],"class_list":{"0":"post-13377","1":"post","2":"type-post","3":"status-publish","4":"format-standard","5":"has-post-thumbnail","7":"category-gesellschaft"},"_links":{"self":[{"href":"https:\/\/www.studiogera.de\/001\/wp-json\/wp\/v2\/posts\/13377","targetHints":{"allow":["GET"]}}],"collection":[{"href":"https:\/\/www.studiogera.de\/001\/wp-json\/wp\/v2\/posts"}],"about":[{"href":"https:\/\/www.studiogera.de\/001\/wp-json\/wp\/v2\/types\/post"}],"author":[{"embeddable":true,"href":"https:\/\/www.studiogera.de\/001\/wp-json\/wp\/v2\/users\/2"}],"replies":[{"embeddable":true,"href":"https:\/\/www.studiogera.de\/001\/wp-json\/wp\/v2\/comments?post=13377"}],"version-history":[{"count":3,"href":"https:\/\/www.studiogera.de\/001\/wp-json\/wp\/v2\/posts\/13377\/revisions"}],"predecessor-version":[{"id":13381,"href":"https:\/\/www.studiogera.de\/001\/wp-json\/wp\/v2\/posts\/13377\/revisions\/13381"}],"wp:featuredmedia":[{"embeddable":true,"href":"https:\/\/www.studiogera.de\/001\/wp-json\/wp\/v2\/media\/13380"}],"wp:attachment":[{"href":"https:\/\/www.studiogera.de\/001\/wp-json\/wp\/v2\/media?parent=13377"}],"wp:term":[{"taxonomy":"category","embeddable":true,"href":"https:\/\/www.studiogera.de\/001\/wp-json\/wp\/v2\/categories?post=13377"},{"taxonomy":"post_tag","embeddable":true,"href":"https:\/\/www.studiogera.de\/001\/wp-json\/wp\/v2\/tags?post=13377"}],"curies":[{"name":"wp","href":"https:\/\/api.w.org\/{rel}","templated":true}]}}