{"id":13382,"date":"2020-12-01T00:38:13","date_gmt":"2020-11-30T23:38:13","guid":{"rendered":"http:\/\/www.studiogera.de\/001\/?p=13382"},"modified":"2020-12-01T00:40:58","modified_gmt":"2020-11-30T23:40:58","slug":"kritische-corona-beitraege-im-oeffentlich-rechtlichen-rundfunk","status":"publish","type":"post","link":"https:\/\/www.studiogera.de\/001\/2020\/12\/01\/kritische-corona-beitraege-im-oeffentlich-rechtlichen-rundfunk\/","title":{"rendered":"KRITISCHE CORONA-BEITR\u00c4GE IM \u00d6FFENTLICH-RECHTLICHEN RUNDFUNK"},"content":{"rendered":"\n<p>Von der Mehrheit der Mediennutzer nahezu unbemerkt, bringen auch die \u00f6ffentlich-rechtlichen Programme kritische Beitr\u00e4ge zum Thema Corona. Die Behauptung, man finde sie nur in sogenannten alternativen Medien, erweist sich als unwahr. Aber sie sind hier nicht der &#8222;Aufmacher des Tages&#8220;.<\/p>\n\n\n\n<p>Einem Hamburger Rechtsanwalt bereitet beispielsweise der Einfluss der Industrie und der Eliten auf Politik und Demokratie Angst (siehe <a href=\"https:\/\/www.deutschlandfunkkultur.de\/pandemie-skepsis-mein-misstrauen-gegen-die-coronapolitik.1005.de.html?dram:article_id=480740#\">https:\/\/www.deutschlandfunkkultur.de\/pandemie-skepsis-mein-misstrauen-gegen-die-coronapolitik.1005.de.html?dram:article_id=480740#<\/a>). Die Digital-Industrie profitiere vom Social-Distancing, und die Regierungen sch\u00fctteten die Pharmaindustrie mit Steuergeldern zu.<\/p>\n\n\n\n<figure class=\"wp-block-embed is-type-rich is-provider-handler-einbetten\"><div class=\"wp-block-embed__wrapper\">\n<audio class=\"wp-audio-shortcode\" id=\"audio-13382-1\" preload=\"none\" style=\"width: 100%;\" controls=\"controls\"><source type=\"audio\/mpeg\" src=\"https:\/\/ondemand-mp3.dradio.de\/file\/dradio\/2020\/07\/20\/mein_misstrauen_gegen_die_corona_politik_drk_20200720_0721_f4731b3c.mp3?_=1\" \/><a href=\"https:\/\/ondemand-mp3.dradio.de\/file\/dradio\/2020\/07\/20\/mein_misstrauen_gegen_die_corona_politik_drk_20200720_0721_f4731b3c.mp3\">https:\/\/ondemand-mp3.dradio.de\/file\/dradio\/2020\/07\/20\/mein_misstrauen_gegen_die_corona_politik_drk_20200720_0721_f4731b3c.mp3<\/a><\/audio>\n<\/div><\/figure>\n\n\n\n<p>Der Historiker Ren\u00e9 Schlott kommentierte die Corona-Ma\u00dfnahmen im Programm Deutschlandfunk Kultur wie folgt (siehe <a href=\"https:\/\/www.deutschlandfunkkultur.de\/pandemie-und-freiheitsrechte-die-offene-gesellschaft-steht.1005.de.html?dram:article_id=488282\">https:\/\/www.deutschlandfunkkultur.de\/pandemie-und-freiheitsrechte-die-offene-gesellschaft-steht.1005.de.html?dram:article_id=488282<\/a>): Unter Verdacht und Rechtfertigungsdruck stehen heute nicht mehr diejenigen, die Freiheiten einschr\u00e4nken, sondern diejenigen, die sie einfordern. Denn wir leben Ende 2020 in einem eindimensional normierten Ma\u00dfnahmenstaat, der in vermeintlich ironischen, eigentlich aber zynischen Videobotschaften nicht etwa den Gesundheitsschutz durch Bewegung und eine ausgewogene Ern\u00e4hrung propagiert, sondern die von Fernsehen, Chips und Cola begleitete Lethargie zum Ideal stilisiert. Mit schwarzer P\u00e4dagogik, vor der jeder Erziehungsratgeber warnt, werden Staatsb\u00fcrgerinnen und Staatsb\u00fcrger von oben herab diszipliniert: Wer sich jetzt abschottet, dem wird erlaubt, vielleicht Weihnachten zu feiern. 2020 hat aus jedem Mitmenschen zuallererst einen potenziellen Virentr\u00e4ger und damit \u201eGef\u00e4hrder\u201c, ein Terminus aus der Terrorismusbek\u00e4mpfung, gemacht. Und weil das die Zahlen nicht hergeben, wird Kants \u201ekategorischer Imperativ\u201c zu einem \u201epandemischen\u201c pervertiert: Jeder solle sich einfach so verhalten, als sei er infekti\u00f6s.<\/p>\n\n\n\n<figure class=\"wp-block-embed is-type-rich is-provider-handler-einbetten\"><div class=\"wp-block-embed__wrapper\">\n<audio class=\"wp-audio-shortcode\" id=\"audio-13382-2\" preload=\"none\" style=\"width: 100%;\" controls=\"controls\"><source type=\"audio\/mpeg\" src=\"https:\/\/ondemand-mp3.dradio.de\/file\/dradio\/2020\/11\/30\/wir_untertanen_von_der_pandemie_zur_dystopie_drk_20201130_0721_8bee3a92.mp3?_=2\" \/><a href=\"https:\/\/ondemand-mp3.dradio.de\/file\/dradio\/2020\/11\/30\/wir_untertanen_von_der_pandemie_zur_dystopie_drk_20201130_0721_8bee3a92.mp3\">https:\/\/ondemand-mp3.dradio.de\/file\/dradio\/2020\/11\/30\/wir_untertanen_von_der_pandemie_zur_dystopie_drk_20201130_0721_8bee3a92.mp3<\/a><\/audio>\n<\/div><\/figure>\n\n\n\n<p>Im Programm Arte wird der vorauseilende Gehorsam angesprochen, mit der symbolischen Aufladung durch die Maske. Ein internes Papier des Bundesinnenministeriums von April 2020 l\u00e4sst vermuten, dass bewusst mit Emotionen und \u00c4ngsten gearbeitet wird, um die gew\u00fcnschte Schockwirkung zu erzielen. Menschen, die Angst haben, lassen sich besser steuern. Doch die Angst steht kaum im Verh\u00e4ltnis zu den Todeszahlen. Die Opfer anderer Erkrankungen sind in der \u00d6ffentlichkeit weniger pr\u00e4sent.<\/p>\n\n\n\n<figure class=\"wp-block-embed-youtube wp-block-embed is-type-video is-provider-youtube wp-embed-aspect-16-9 wp-has-aspect-ratio\"><div class=\"wp-block-embed__wrapper\">\nhttps:\/\/youtu.be\/ebPB5egg4X4\n<\/div><\/figure>\n\n\n\n<p>Diese drei Beispiele kritischer Berichterstattung verdeutlichen auch die zunehmende Skepsis in den &#8222;h\u00f6heren&#8220; gesellschaftlichen Schichten. <\/p>\n","protected":false},"excerpt":{"rendered":"<div class=\"mh-excerpt\"><p>Von der Mehrheit der Mediennutzer nahezu unbemerkt, bringen auch die \u00f6ffentlich-rechtlichen Programme kritische Beitr\u00e4ge zum Thema Corona. Die Behauptung, man finde sie nur in sogenannten alternativen Medien, erweist sich als unwahr. Aber sie sind hier <a class=\"mh-excerpt-more\" href=\"https:\/\/www.studiogera.de\/001\/2020\/12\/01\/kritische-corona-beitraege-im-oeffentlich-rechtlichen-rundfunk\/\" title=\"KRITISCHE CORONA-BEITR\u00c4GE IM \u00d6FFENTLICH-RECHTLICHEN RUNDFUNK\">[&#8230;]<\/a><\/p>\n<\/div>","protected":false},"author":2,"featured_media":13384,"comment_status":"open","ping_status":"open","sticky":false,"template":"","format":"standard","meta":{"footnotes":""},"categories":[17],"tags":[],"class_list":{"0":"post-13382","1":"post","2":"type-post","3":"status-publish","4":"format-standard","5":"has-post-thumbnail","7":"category-medien"},"_links":{"self":[{"href":"https:\/\/www.studiogera.de\/001\/wp-json\/wp\/v2\/posts\/13382","targetHints":{"allow":["GET"]}}],"collection":[{"href":"https:\/\/www.studiogera.de\/001\/wp-json\/wp\/v2\/posts"}],"about":[{"href":"https:\/\/www.studiogera.de\/001\/wp-json\/wp\/v2\/types\/post"}],"author":[{"embeddable":true,"href":"https:\/\/www.studiogera.de\/001\/wp-json\/wp\/v2\/users\/2"}],"replies":[{"embeddable":true,"href":"https:\/\/www.studiogera.de\/001\/wp-json\/wp\/v2\/comments?post=13382"}],"version-history":[{"count":3,"href":"https:\/\/www.studiogera.de\/001\/wp-json\/wp\/v2\/posts\/13382\/revisions"}],"predecessor-version":[{"id":13386,"href":"https:\/\/www.studiogera.de\/001\/wp-json\/wp\/v2\/posts\/13382\/revisions\/13386"}],"wp:featuredmedia":[{"embeddable":true,"href":"https:\/\/www.studiogera.de\/001\/wp-json\/wp\/v2\/media\/13384"}],"wp:attachment":[{"href":"https:\/\/www.studiogera.de\/001\/wp-json\/wp\/v2\/media?parent=13382"}],"wp:term":[{"taxonomy":"category","embeddable":true,"href":"https:\/\/www.studiogera.de\/001\/wp-json\/wp\/v2\/categories?post=13382"},{"taxonomy":"post_tag","embeddable":true,"href":"https:\/\/www.studiogera.de\/001\/wp-json\/wp\/v2\/tags?post=13382"}],"curies":[{"name":"wp","href":"https:\/\/api.w.org\/{rel}","templated":true}]}}