{"id":13732,"date":"2020-12-24T11:56:33","date_gmt":"2020-12-24T10:56:33","guid":{"rendered":"http:\/\/www.studiogera.de\/001\/?p=13732"},"modified":"2020-12-24T11:56:34","modified_gmt":"2020-12-24T10:56:34","slug":"aufsichtsrat-des-theaters-unter-neuem-vorsitz","status":"publish","type":"post","link":"https:\/\/www.studiogera.de\/001\/2020\/12\/24\/aufsichtsrat-des-theaters-unter-neuem-vorsitz\/","title":{"rendered":"AUFSICHTSRAT DES THEATERS UNTER NEUEM VORSITZ"},"content":{"rendered":"\n<p>In der Aufsichtsratssitzung am 15. Dezember 2020 stand turnusm\u00e4\u00dfig die Wahl eines neuen Aufsichtsratsvorsitzenden auf der Tagesordnung.<\/p>\n\n\n\n<p>F\u00fcr die n\u00e4chsten zwei Jahre ist nunmehr der Landrat des Landkreises Altenburger Land, Herr Uwe Melzer, zum Aufsichtsratsvorsitzenden gew\u00e4hlt worden. Er l\u00f6st Herrn Julian Vonarb, Oberb\u00fcrgermeister der Stadt Gera, ab, der das Amt seit\u00a0dem 25. September 2018\u00a0 inne hatte.\u00a0Die Gesch\u00e4ftsf\u00fchrung der Theater Altenburg Gera gGmbh dankt dem scheidenden Vorsitzenden f\u00fcr die geleistete Arbeit und w\u00fcnscht dem neuen Vorsitzenden eine erfolgreiche Amtsf\u00fchrung.<\/p>\n","protected":false},"excerpt":{"rendered":"<div class=\"mh-excerpt\"><p>In der Aufsichtsratssitzung am 15. Dezember 2020 stand turnusm\u00e4\u00dfig die Wahl eines neuen Aufsichtsratsvorsitzenden auf der Tagesordnung. F\u00fcr die n\u00e4chsten zwei Jahre ist nunmehr der Landrat des Landkreises Altenburger Land, Herr Uwe Melzer, zum Aufsichtsratsvorsitzenden <a class=\"mh-excerpt-more\" href=\"https:\/\/www.studiogera.de\/001\/2020\/12\/24\/aufsichtsrat-des-theaters-unter-neuem-vorsitz\/\" title=\"AUFSICHTSRAT DES THEATERS UNTER NEUEM VORSITZ\">[&#8230;]<\/a><\/p>\n<\/div>","protected":false},"author":2,"featured_media":11106,"comment_status":"open","ping_status":"open","sticky":false,"template":"","format":"standard","meta":{"footnotes":""},"categories":[15],"tags":[],"class_list":{"0":"post-13732","1":"post","2":"type-post","3":"status-publish","4":"format-standard","5":"has-post-thumbnail","7":"category-theater"},"_links":{"self":[{"href":"https:\/\/www.studiogera.de\/001\/wp-json\/wp\/v2\/posts\/13732","targetHints":{"allow":["GET"]}}],"collection":[{"href":"https:\/\/www.studiogera.de\/001\/wp-json\/wp\/v2\/posts"}],"about":[{"href":"https:\/\/www.studiogera.de\/001\/wp-json\/wp\/v2\/types\/post"}],"author":[{"embeddable":true,"href":"https:\/\/www.studiogera.de\/001\/wp-json\/wp\/v2\/users\/2"}],"replies":[{"embeddable":true,"href":"https:\/\/www.studiogera.de\/001\/wp-json\/wp\/v2\/comments?post=13732"}],"version-history":[{"count":1,"href":"https:\/\/www.studiogera.de\/001\/wp-json\/wp\/v2\/posts\/13732\/revisions"}],"predecessor-version":[{"id":13733,"href":"https:\/\/www.studiogera.de\/001\/wp-json\/wp\/v2\/posts\/13732\/revisions\/13733"}],"wp:featuredmedia":[{"embeddable":true,"href":"https:\/\/www.studiogera.de\/001\/wp-json\/wp\/v2\/media\/11106"}],"wp:attachment":[{"href":"https:\/\/www.studiogera.de\/001\/wp-json\/wp\/v2\/media?parent=13732"}],"wp:term":[{"taxonomy":"category","embeddable":true,"href":"https:\/\/www.studiogera.de\/001\/wp-json\/wp\/v2\/categories?post=13732"},{"taxonomy":"post_tag","embeddable":true,"href":"https:\/\/www.studiogera.de\/001\/wp-json\/wp\/v2\/tags?post=13732"}],"curies":[{"name":"wp","href":"https:\/\/api.w.org\/{rel}","templated":true}]}}