{"id":13738,"date":"2020-12-26T12:01:44","date_gmt":"2020-12-26T11:01:44","guid":{"rendered":"http:\/\/www.studiogera.de\/001\/?p=13738"},"modified":"2020-12-26T10:57:10","modified_gmt":"2020-12-26T09:57:10","slug":"unsere-pause-an-den-feiertagen","status":"publish","type":"post","link":"https:\/\/www.studiogera.de\/001\/2020\/12\/26\/unsere-pause-an-den-feiertagen\/","title":{"rendered":"UNSERE PAUSE AN DEN FEIERTAGEN"},"content":{"rendered":"\n<p>Liebe Leser, auch wir legen eine kleine Pause ein, \u201dfeiern\u201d mit unseren Angeh\u00f6rigen und genie\u00dfen die freien Tage. In der kommenden Woche werden wir uns wieder zusammensetzen und dar\u00fcber sprechen, welche Themen von Interesse sein k\u00f6nnten. Was bewegt die Menschen derzeit am meisten, wor\u00fcber wird in den anderen Medien zu wenig berichtet, und wie kann es gelingen, dem Strudel negativer Meldungen zu entkommen? Auch Ihre Gedanken nehmen wir nat\u00fcrlich gern entgegen.<\/p>\n","protected":false},"excerpt":{"rendered":"<div class=\"mh-excerpt\"><p>Liebe Leser, auch wir legen eine kleine Pause ein, \u201dfeiern\u201d mit unseren Angeh\u00f6rigen und genie\u00dfen die freien Tage. In der kommenden Woche werden wir uns wieder zusammensetzen und dar\u00fcber sprechen, welche Themen von Interesse sein <a class=\"mh-excerpt-more\" href=\"https:\/\/www.studiogera.de\/001\/2020\/12\/26\/unsere-pause-an-den-feiertagen\/\" title=\"UNSERE PAUSE AN DEN FEIERTAGEN\">[&#8230;]<\/a><\/p>\n<\/div>","protected":false},"author":2,"featured_media":2602,"comment_status":"open","ping_status":"open","sticky":false,"template":"","format":"standard","meta":{"footnotes":""},"categories":[10],"tags":[],"class_list":{"0":"post-13738","1":"post","2":"type-post","3":"status-publish","4":"format-standard","5":"has-post-thumbnail","7":"category-internes"},"_links":{"self":[{"href":"https:\/\/www.studiogera.de\/001\/wp-json\/wp\/v2\/posts\/13738","targetHints":{"allow":["GET"]}}],"collection":[{"href":"https:\/\/www.studiogera.de\/001\/wp-json\/wp\/v2\/posts"}],"about":[{"href":"https:\/\/www.studiogera.de\/001\/wp-json\/wp\/v2\/types\/post"}],"author":[{"embeddable":true,"href":"https:\/\/www.studiogera.de\/001\/wp-json\/wp\/v2\/users\/2"}],"replies":[{"embeddable":true,"href":"https:\/\/www.studiogera.de\/001\/wp-json\/wp\/v2\/comments?post=13738"}],"version-history":[{"count":1,"href":"https:\/\/www.studiogera.de\/001\/wp-json\/wp\/v2\/posts\/13738\/revisions"}],"predecessor-version":[{"id":13739,"href":"https:\/\/www.studiogera.de\/001\/wp-json\/wp\/v2\/posts\/13738\/revisions\/13739"}],"wp:featuredmedia":[{"embeddable":true,"href":"https:\/\/www.studiogera.de\/001\/wp-json\/wp\/v2\/media\/2602"}],"wp:attachment":[{"href":"https:\/\/www.studiogera.de\/001\/wp-json\/wp\/v2\/media?parent=13738"}],"wp:term":[{"taxonomy":"category","embeddable":true,"href":"https:\/\/www.studiogera.de\/001\/wp-json\/wp\/v2\/categories?post=13738"},{"taxonomy":"post_tag","embeddable":true,"href":"https:\/\/www.studiogera.de\/001\/wp-json\/wp\/v2\/tags?post=13738"}],"curies":[{"name":"wp","href":"https:\/\/api.w.org\/{rel}","templated":true}]}}