{"id":13763,"date":"2020-12-28T12:05:23","date_gmt":"2020-12-28T11:05:23","guid":{"rendered":"http:\/\/www.studiogera.de\/001\/?p=13763"},"modified":"2020-12-28T12:05:25","modified_gmt":"2020-12-28T11:05:25","slug":"angriff-auf-it-systeme-der-funke-mediengruppe","status":"publish","type":"post","link":"https:\/\/www.studiogera.de\/001\/2020\/12\/28\/angriff-auf-it-systeme-der-funke-mediengruppe\/","title":{"rendered":"ANGRIFF AUF IT-SYSTEME DER FUNKE-MEDIENGRUPPE"},"content":{"rendered":"\n<p>Die Funke-Mediengruppe wird seit Dienstag, den 22. Dezember 2020, von sogenannten Hackern attackiert. Diese wenden eine spezielle Software an, um Daten auf den Rechnern der Funke-Mediengruppe zu verschl\u00fcsseln und damit unzug\u00e4nglich zu machen. Vom Verlag fordern sie offenbar ein L\u00f6segeld.<\/p>\n\n\n\n<p>Das Unternehmen teilt mit, deutschlandweit seien alle gro\u00dfen Standorte der Funke-Mediengruppe in Bayern, Berlin, Hamburg, Niedersachsen, Nordrhein-Westfalen und Th\u00fcringen betroffen. Betroffen sind die Redaktionen, Druckereinen und viele andere Bereiche. In Th\u00fcringen werden die Zeitungen \u201eTh\u00fcringer Allgemeine\u201d, \u201eTh\u00fcringische Landeszeitung\u201d und \u201eOstth\u00fcringer Zeitung\u201d produziert.<\/p>\n\n\n\n<p>Dennoch habe man durch einen enormen Kraftakt und eine kurzfristige Umorganisation Notausgaben herausgeben k\u00f6nnen, die seit Mittwoch erscheinen. Als solche erscheint auch die Ostth\u00fcringer Zeitung. Das Produktionssystem f\u00fcr die Zeitung sei noch immer nicht betriebsf\u00e4hig, wurde am 28. Dezember mitgeteilt. Man k\u00f6nne nicht \u00fcber die eigene Anlage telefonieren, und auch keine Nachrichten empfangen. In die Notausgabe habe man nur wenige lokale Texte heben k\u00f6nnen.<\/p>\n\n\n\n<p>Wie die \u201eTh\u00fcringer Allgemeine\u201d schreibt, seien die Notausgaben unter gr\u00f6\u00dften Anstrengungen mit externen Ausweichprogrammen quasi von Hand erstellt und anschlie\u00dfend in die Druckerei gegeben worden. Dort k\u00f6nne man derzeit eingeschr\u00e4nkt drucken.<\/p>\n","protected":false},"excerpt":{"rendered":"<div class=\"mh-excerpt\"><p>Die Funke-Mediengruppe wird seit Dienstag, den 22. Dezember 2020, von sogenannten Hackern attackiert. Diese wenden eine spezielle Software an, um Daten auf den Rechnern der Funke-Mediengruppe zu verschl\u00fcsseln und damit unzug\u00e4nglich zu machen. Vom Verlag <a class=\"mh-excerpt-more\" href=\"https:\/\/www.studiogera.de\/001\/2020\/12\/28\/angriff-auf-it-systeme-der-funke-mediengruppe\/\" title=\"ANGRIFF AUF IT-SYSTEME DER FUNKE-MEDIENGRUPPE\">[&#8230;]<\/a><\/p>\n<\/div>","protected":false},"author":2,"featured_media":13764,"comment_status":"open","ping_status":"open","sticky":false,"template":"","format":"standard","meta":{"footnotes":""},"categories":[17],"tags":[],"class_list":{"0":"post-13763","1":"post","2":"type-post","3":"status-publish","4":"format-standard","5":"has-post-thumbnail","7":"category-medien"},"_links":{"self":[{"href":"https:\/\/www.studiogera.de\/001\/wp-json\/wp\/v2\/posts\/13763","targetHints":{"allow":["GET"]}}],"collection":[{"href":"https:\/\/www.studiogera.de\/001\/wp-json\/wp\/v2\/posts"}],"about":[{"href":"https:\/\/www.studiogera.de\/001\/wp-json\/wp\/v2\/types\/post"}],"author":[{"embeddable":true,"href":"https:\/\/www.studiogera.de\/001\/wp-json\/wp\/v2\/users\/2"}],"replies":[{"embeddable":true,"href":"https:\/\/www.studiogera.de\/001\/wp-json\/wp\/v2\/comments?post=13763"}],"version-history":[{"count":1,"href":"https:\/\/www.studiogera.de\/001\/wp-json\/wp\/v2\/posts\/13763\/revisions"}],"predecessor-version":[{"id":13765,"href":"https:\/\/www.studiogera.de\/001\/wp-json\/wp\/v2\/posts\/13763\/revisions\/13765"}],"wp:featuredmedia":[{"embeddable":true,"href":"https:\/\/www.studiogera.de\/001\/wp-json\/wp\/v2\/media\/13764"}],"wp:attachment":[{"href":"https:\/\/www.studiogera.de\/001\/wp-json\/wp\/v2\/media?parent=13763"}],"wp:term":[{"taxonomy":"category","embeddable":true,"href":"https:\/\/www.studiogera.de\/001\/wp-json\/wp\/v2\/categories?post=13763"},{"taxonomy":"post_tag","embeddable":true,"href":"https:\/\/www.studiogera.de\/001\/wp-json\/wp\/v2\/tags?post=13763"}],"curies":[{"name":"wp","href":"https:\/\/api.w.org\/{rel}","templated":true}]}}