{"id":13775,"date":"2020-12-30T12:05:47","date_gmt":"2020-12-30T11:05:47","guid":{"rendered":"http:\/\/www.studiogera.de\/001\/?p=13775"},"modified":"2020-12-30T12:05:49","modified_gmt":"2020-12-30T11:05:49","slug":"beraeumung-von-grabstaetten-und-urnenreihenanlagen","status":"publish","type":"post","link":"https:\/\/www.studiogera.de\/001\/2020\/12\/30\/beraeumung-von-grabstaetten-und-urnenreihenanlagen\/","title":{"rendered":"BER\u00c4UMUNG VON GRABST\u00c4TTEN UND URNENREIHENANLAGEN"},"content":{"rendered":"\n<p>Gem\u00e4\u00df \u00a7 17 der Friedhofsatzung f\u00fcr die kommunalen und die von der Stadt Gera verwalteten Friedh\u00f6fe sind Urnenreihenanlagen f\u00fcr die Beisetzung von jeweils einer Urne pro Grabst\u00e4tte vorgesehen. Ein Wiedererwerb sowie eine Verl\u00e4ngerung dieser Grabst\u00e4tten sind nicht m\u00f6glich. Urnenreihengrabst\u00e4tten werden nach Ablauf der Ruhefrist durch die Friedhofsverwaltung ber\u00e4umt. Dem Nutzungsberechtigten entstehen hierbei keine Kosten.<\/p>\n\n\n\n<p>Mit sofortiger Wirkung haben die Nutzungsberechtigten einer der folgenden Urnenreihenanlagen die M\u00f6glichkeit, Grabzubeh\u00f6r bis zu folgender Frist von der Grabst\u00e4tte zu entfernen:<\/p>\n\n\n\n<p><strong>S\u00fcdfriedhof, Abteilung VId<\/strong><br>Ablauf der Grabst\u00e4tte bis zum 31. Dezember 2020<br>Entfernung des Grabzubeh\u00f6rs bis zum 30. Januar 2021<br>Ber\u00e4umung der Grabst\u00e4tten durch die Friedhofsverwaltung ab 1. Februar 2021<\/p>\n\n\n\n<p><strong>Ostfriedhof, Abteilung XIXb und XVIId<\/strong><br>Ablauf der Grabst\u00e4tte bis zum 28. Februar 2021<br>Entfernung des Grabzubeh\u00f6rs bis zum 28. Februar 2021<br>Ber\u00e4umung der Grabst\u00e4tten durch die Friedhofsverwaltung ab 1. M\u00e4rz 2021<\/p>\n\n\n\n<p>Die Grabst\u00e4tten, einschlie\u00dflich Grabzubeh\u00f6r, welche bis zum Ablauf der oben genannten Frist nicht entfernt wurden, werden anschlie\u00dfend durch die Friedhofsverwaltung ber\u00e4umt. Bei Fragen steht Ihnen die Friedhofsverwaltung gerne zur Verf\u00fcgung.<\/p>\n","protected":false},"excerpt":{"rendered":"<div class=\"mh-excerpt\"><p>Gem\u00e4\u00df \u00a7 17 der Friedhofsatzung f\u00fcr die kommunalen und die von der Stadt Gera verwalteten Friedh\u00f6fe sind Urnenreihenanlagen f\u00fcr die Beisetzung von jeweils einer Urne pro Grabst\u00e4tte vorgesehen. Ein Wiedererwerb sowie eine Verl\u00e4ngerung dieser Grabst\u00e4tten <a class=\"mh-excerpt-more\" href=\"https:\/\/www.studiogera.de\/001\/2020\/12\/30\/beraeumung-von-grabstaetten-und-urnenreihenanlagen\/\" title=\"BER\u00c4UMUNG VON GRABST\u00c4TTEN UND URNENREIHENANLAGEN\">[&#8230;]<\/a><\/p>\n<\/div>","protected":false},"author":2,"featured_media":7152,"comment_status":"open","ping_status":"open","sticky":false,"template":"","format":"standard","meta":{"footnotes":""},"categories":[16],"tags":[],"class_list":{"0":"post-13775","1":"post","2":"type-post","3":"status-publish","4":"format-standard","5":"has-post-thumbnail","7":"category-kurzmitteilungen"},"_links":{"self":[{"href":"https:\/\/www.studiogera.de\/001\/wp-json\/wp\/v2\/posts\/13775","targetHints":{"allow":["GET"]}}],"collection":[{"href":"https:\/\/www.studiogera.de\/001\/wp-json\/wp\/v2\/posts"}],"about":[{"href":"https:\/\/www.studiogera.de\/001\/wp-json\/wp\/v2\/types\/post"}],"author":[{"embeddable":true,"href":"https:\/\/www.studiogera.de\/001\/wp-json\/wp\/v2\/users\/2"}],"replies":[{"embeddable":true,"href":"https:\/\/www.studiogera.de\/001\/wp-json\/wp\/v2\/comments?post=13775"}],"version-history":[{"count":1,"href":"https:\/\/www.studiogera.de\/001\/wp-json\/wp\/v2\/posts\/13775\/revisions"}],"predecessor-version":[{"id":13776,"href":"https:\/\/www.studiogera.de\/001\/wp-json\/wp\/v2\/posts\/13775\/revisions\/13776"}],"wp:featuredmedia":[{"embeddable":true,"href":"https:\/\/www.studiogera.de\/001\/wp-json\/wp\/v2\/media\/7152"}],"wp:attachment":[{"href":"https:\/\/www.studiogera.de\/001\/wp-json\/wp\/v2\/media?parent=13775"}],"wp:term":[{"taxonomy":"category","embeddable":true,"href":"https:\/\/www.studiogera.de\/001\/wp-json\/wp\/v2\/categories?post=13775"},{"taxonomy":"post_tag","embeddable":true,"href":"https:\/\/www.studiogera.de\/001\/wp-json\/wp\/v2\/tags?post=13775"}],"curies":[{"name":"wp","href":"https:\/\/api.w.org\/{rel}","templated":true}]}}