{"id":13777,"date":"2020-12-30T12:47:02","date_gmt":"2020-12-30T11:47:02","guid":{"rendered":"http:\/\/www.studiogera.de\/001\/?p=13777"},"modified":"2020-12-30T12:47:04","modified_gmt":"2020-12-30T11:47:04","slug":"auch-mit-impfstoff-keine-rueckkehr-zur-normalitaet","status":"publish","type":"post","link":"https:\/\/www.studiogera.de\/001\/2020\/12\/30\/auch-mit-impfstoff-keine-rueckkehr-zur-normalitaet\/","title":{"rendered":"AUCH MIT IMPFSTOFF KEINE R\u00dcCKKEHR ZUR NORMALIT\u00c4T"},"content":{"rendered":"\n<p>Die Normalit\u00e4t k\u00f6nne erst zur\u00fcckkehren, wenn mindestens zwei Drittel der Menschen gegen Covid-19 geimpft sind. So oder \u00e4hnlich sagen es derzeit viele Politiker und Virologen. Im Moment ist die Impfbereitschaft der Menschen relativ hoch, doch bei einigen l\u00e4sst das Vertrauen allm\u00e4hlich nach \u2014 nicht zuletzt, weil viele Fragen offen bleiben: Wie lange ist man vor einer Erkrankung gesch\u00fctzt? Bleiben die Corona-Regeln und Einschr\u00e4nkungen dauerhaft erhalten, wenn sich herausstellt, dass geimpfte Menschen das Virus trotzdem noch weitergeben k\u00f6nnen, und dar\u00fcber hinaus immer mit Mutationen zu rechnen ist? Warum sollte man sich dann \u00fcberhaupt impfen lassen, wenn man keiner Risikogruppe angeh\u00f6rt, die Krankheit in den meisten F\u00e4llen keine oder nur milde Symptome hervorruft, aber nach einer Injektion mit viel h\u00f6herer Wahrscheinlichkeit Zust\u00e4nde wie Kopfschmerzen, Abgeschlagenheit und Fieber auftreten? Zudem es gibt es Unsicherheiten in Bezug auf m\u00f6gliche Langzeitfolgen.<\/p>\n\n\n\n<p>Gleichzeitig wird hoher moralischer Druck aufgebaut: Wolfram Henn, Mitglied des Ethikrates der Bundesregierung, wandte sich an Impfgegner und forderte in einem von der Bild-Zeitung ver\u00f6ffentlichten Schreiben: \u201eWer partout das Impfen verweigern will, der sollte, bittesch\u00f6n, auch st\u00e4ndig ein Dokument bei sich tragen, mit der Aufschrift: Ich will, wenn ich krank werde, mein Intensivbett und mein Beatmungsger\u00e4t anderen \u00fcberlassen.\u201c<\/p>\n\n\n\n<p>Kritiker sind der Ansicht, dass eine Krankenhausbehandlung nicht von der Einstellung einer Person abh\u00e4ngig gemacht werden d\u00fcrfe, und die Anzahl der freien Intensivbetten nicht \u00fcber das Ausma\u00df von Grundrechten entscheiden k\u00f6nne.<\/p>\n\n\n\n<p>Eine Impfpflicht werde es vorerst nicht geben, und die politische Debatte sei derzeit mit Absicht eingefroren, schreibt das Nachrichtenmagazin \u201eStern\u201c im Heft Nummer 53 vom 23. Dezember 2020 auf Seite 30. Offenbar sollen zu Beginn der Impfungen keine \u00c4ngste gesch\u00fcrt werden. Eine Impfplicht w\u00e4re m\u00f6glich. Privilegien f\u00fcr nicht geimpfte Personen h\u00e4lt man aber f\u00fcr wahrscheinlicher, obgleich derzeit das Argument \u00fcberwiegt, dass man die Gesellschaft nicht spalten wolle. Doch die Debatte werde mit der steigenden Zahl der Geimpften wieder Fahrt aufnehmen.<\/p>\n\n\n\n<p>Inzwischen ist ein langsamer Wandel im Argumentationsverlauf erkennbar, der offensichtlich dahin f\u00fchren wird, dass die Einschr\u00e4nkungen weiterhin als notwendig erachtet werden und noch lange bestehen bleiben: Die Virologin Melanie Brinkmann vom Helmholtz-Zentrum f\u00fcr Infektionsforschung sprach sich f\u00fcr einen Sieben-Tage-Wert von zehn aus. Erst dann seien Lockerungen der Corona-Ma\u00dfnahmen sinnvoll.<\/p>\n\n\n\n<p>Weil noch immer viele Menschen daran glauben, dass nur eine durchgeimpfte Gesellschaft wieder zum normalen Leben zur\u00fcckkehren darf, werden sie den moralischen Druck auf Mitmenschen aus\u00fcben, die das Serum ablehnen. Das f\u00fchrt unweigerlich zu einer Radikalisierung im kommunikativen Miteinander und einer gesellschaftlichen Spaltung. <\/p>\n\n\n\n<p>Michael Yeadon, der fr\u00fchere Vizechef des Pharmakonzerns Pfizer, soll allerdings gesagt haben: \u201eMan impft eine Bev\u00f6lkerung nicht durch, nur weil einer von eine Million eine Infektion nicht \u00fcberleben k\u00f6nnte.\u201c Es sei ein Zeichen daf\u00fcr, dass etwas stinke, wenn offizielle Stellen eine Massenimpfung zur Bedingung f\u00fcr die R\u00fcckkehr zum normalen Leben machten.<\/p>\n\n\n\n<p>Tats\u00e4chlich liegt der Verdacht nahe, dass es die R\u00fcckkehr zu den gewohnten Freiheiten nicht mehr geben wird \u2014 auch nicht f\u00fcr Geimpfte, falls sich das Privilegien-Modell durchsetzen sollte. Die Begr\u00fcndungen k\u00f6nnen sich stets \u00e4ndern. WHO-Direktor Ryan sprach unl\u00e4ngst in Genf mit Blick auf das Coronavirus SARS-CoV-2 von einer vergleichsweise niedrigen Sterberate und warnte, die Menschheit m\u00fcsse sich auf etwas vorbereiten, dass vielleicht noch heftiger sei.<\/p>\n\n\n\n<p>Die Ver\u00f6ffentlichungen in den Medien und die Warnungen vor noch schlimmeren Dingen wirken auf manche gar so, als greife man in die Trickkiste der mittelalterlichen Kirche: Erst werden finstere Szenarien gezeichnet, dann wird ein Weg der Errettung pr\u00e4sentiert.<\/p>\n","protected":false},"excerpt":{"rendered":"<div class=\"mh-excerpt\"><p>Die Normalit\u00e4t k\u00f6nne erst zur\u00fcckkehren, wenn mindestens zwei Drittel der Menschen gegen Covid-19 geimpft sind. So oder \u00e4hnlich sagen es derzeit viele Politiker und Virologen. Im Moment ist die Impfbereitschaft der Menschen relativ hoch, doch <a class=\"mh-excerpt-more\" href=\"https:\/\/www.studiogera.de\/001\/2020\/12\/30\/auch-mit-impfstoff-keine-rueckkehr-zur-normalitaet\/\" title=\"AUCH MIT IMPFSTOFF KEINE R\u00dcCKKEHR ZUR NORMALIT\u00c4T\">[&#8230;]<\/a><\/p>\n<\/div>","protected":false},"author":2,"featured_media":13778,"comment_status":"open","ping_status":"open","sticky":false,"template":"","format":"standard","meta":{"footnotes":""},"categories":[1],"tags":[],"class_list":{"0":"post-13777","1":"post","2":"type-post","3":"status-publish","4":"format-standard","5":"has-post-thumbnail","7":"category-vermischtes"},"_links":{"self":[{"href":"https:\/\/www.studiogera.de\/001\/wp-json\/wp\/v2\/posts\/13777","targetHints":{"allow":["GET"]}}],"collection":[{"href":"https:\/\/www.studiogera.de\/001\/wp-json\/wp\/v2\/posts"}],"about":[{"href":"https:\/\/www.studiogera.de\/001\/wp-json\/wp\/v2\/types\/post"}],"author":[{"embeddable":true,"href":"https:\/\/www.studiogera.de\/001\/wp-json\/wp\/v2\/users\/2"}],"replies":[{"embeddable":true,"href":"https:\/\/www.studiogera.de\/001\/wp-json\/wp\/v2\/comments?post=13777"}],"version-history":[{"count":1,"href":"https:\/\/www.studiogera.de\/001\/wp-json\/wp\/v2\/posts\/13777\/revisions"}],"predecessor-version":[{"id":13779,"href":"https:\/\/www.studiogera.de\/001\/wp-json\/wp\/v2\/posts\/13777\/revisions\/13779"}],"wp:featuredmedia":[{"embeddable":true,"href":"https:\/\/www.studiogera.de\/001\/wp-json\/wp\/v2\/media\/13778"}],"wp:attachment":[{"href":"https:\/\/www.studiogera.de\/001\/wp-json\/wp\/v2\/media?parent=13777"}],"wp:term":[{"taxonomy":"category","embeddable":true,"href":"https:\/\/www.studiogera.de\/001\/wp-json\/wp\/v2\/categories?post=13777"},{"taxonomy":"post_tag","embeddable":true,"href":"https:\/\/www.studiogera.de\/001\/wp-json\/wp\/v2\/tags?post=13777"}],"curies":[{"name":"wp","href":"https:\/\/api.w.org\/{rel}","templated":true}]}}