{"id":13800,"date":"2021-01-02T14:19:21","date_gmt":"2021-01-02T13:19:21","guid":{"rendered":"http:\/\/www.studiogera.de\/001\/?p=13800"},"modified":"2021-01-02T14:19:22","modified_gmt":"2021-01-02T13:19:22","slug":"unterstuetzung-fuer-das-bruecken-bauen-in-die-fruehe-bildung","status":"publish","type":"post","link":"https:\/\/www.studiogera.de\/001\/2021\/01\/02\/unterstuetzung-fuer-das-bruecken-bauen-in-die-fruehe-bildung\/","title":{"rendered":"UNTERST\u00dcTZUNG F\u00dcR DAS \u201eBR\u00dcCKEN BAUEN IN DIE FR\u00dcHE BILDUNG\u201c"},"content":{"rendered":"\n<p>Die Stadt Gera wird im Rahmen des Bundesprogramms \u201eKita-Einstieg \u2013 Br\u00fccken bauen in fr\u00fche Bildung\u201c durch den Bund zwei weitere Jahre lang unterst\u00fctzt werden. Ziel ist die regionale Vernetzung zur Unterst\u00fctzung von Kindern und Familien in besonderen Lebenslagen, um den Weg in die Kindertagespflege oder die Kindertageseinrichtung und Schule zu erleichtern. Kultursensible Sprach- und Kulturvermittlung sollen den Weg f\u00fcr Familien und Kinder in\u00a0 Kinderbetreuungsangebote und Schule ebnen. Dazu werden die Migrationsberatungen der Diakonie, der Volkssolidarit\u00e4t KV Gera e. V. sowie der Caritas einbezogen, aber auch Tr\u00e4ger, die in den Stadtteilen Bieblach\/Bieblach Ost und Lusan mit benachteiligten Familien und Familien mit Migrationshintergrund zusammenarbeiten.<\/p>\n\n\n\n<p>Im Jahr 2021 sollen durch neue Partner die offenen Angebote und die Unterst\u00fctzung der Familien stetig ausgebaut werden. St\u00e4rker im Fokus steht au\u00dferdem die Schaffung eines niederschwelligen, zuverl\u00e4ssigen Anlaufpunktes f\u00fcr die Eltern in besonderen Lebenslagen Lusan und Bieblach\/Bieblach-Ost. Die Stadt Gera wird im Jahr 2021 auch Familien mit Migrationshintergrund eine Br\u00fccke bauen und Einstiege in das gesellschaftliche und soziale Leben der Stadt erleichtern.<\/p>\n\n\n\n<p>QUELLE: STADTVERWALTUNG<\/p>\n","protected":false},"excerpt":{"rendered":"<div class=\"mh-excerpt\"><p>Die Stadt Gera wird im Rahmen des Bundesprogramms \u201eKita-Einstieg \u2013 Br\u00fccken bauen in fr\u00fche Bildung\u201c durch den Bund zwei weitere Jahre lang unterst\u00fctzt werden. Ziel ist die regionale Vernetzung zur Unterst\u00fctzung von Kindern und Familien <a class=\"mh-excerpt-more\" href=\"https:\/\/www.studiogera.de\/001\/2021\/01\/02\/unterstuetzung-fuer-das-bruecken-bauen-in-die-fruehe-bildung\/\" title=\"UNTERST\u00dcTZUNG F\u00dcR DAS \u201eBR\u00dcCKEN BAUEN IN DIE FR\u00dcHE BILDUNG\u201c\">[&#8230;]<\/a><\/p>\n<\/div>","protected":false},"author":2,"featured_media":13600,"comment_status":"open","ping_status":"open","sticky":false,"template":"","format":"standard","meta":{"footnotes":""},"categories":[3],"tags":[],"class_list":{"0":"post-13800","1":"post","2":"type-post","3":"status-publish","4":"format-standard","5":"has-post-thumbnail","7":"category-lokal"},"_links":{"self":[{"href":"https:\/\/www.studiogera.de\/001\/wp-json\/wp\/v2\/posts\/13800","targetHints":{"allow":["GET"]}}],"collection":[{"href":"https:\/\/www.studiogera.de\/001\/wp-json\/wp\/v2\/posts"}],"about":[{"href":"https:\/\/www.studiogera.de\/001\/wp-json\/wp\/v2\/types\/post"}],"author":[{"embeddable":true,"href":"https:\/\/www.studiogera.de\/001\/wp-json\/wp\/v2\/users\/2"}],"replies":[{"embeddable":true,"href":"https:\/\/www.studiogera.de\/001\/wp-json\/wp\/v2\/comments?post=13800"}],"version-history":[{"count":1,"href":"https:\/\/www.studiogera.de\/001\/wp-json\/wp\/v2\/posts\/13800\/revisions"}],"predecessor-version":[{"id":13801,"href":"https:\/\/www.studiogera.de\/001\/wp-json\/wp\/v2\/posts\/13800\/revisions\/13801"}],"wp:featuredmedia":[{"embeddable":true,"href":"https:\/\/www.studiogera.de\/001\/wp-json\/wp\/v2\/media\/13600"}],"wp:attachment":[{"href":"https:\/\/www.studiogera.de\/001\/wp-json\/wp\/v2\/media?parent=13800"}],"wp:term":[{"taxonomy":"category","embeddable":true,"href":"https:\/\/www.studiogera.de\/001\/wp-json\/wp\/v2\/categories?post=13800"},{"taxonomy":"post_tag","embeddable":true,"href":"https:\/\/www.studiogera.de\/001\/wp-json\/wp\/v2\/tags?post=13800"}],"curies":[{"name":"wp","href":"https:\/\/api.w.org\/{rel}","templated":true}]}}