{"id":13825,"date":"2021-01-05T12:48:31","date_gmt":"2021-01-05T11:48:31","guid":{"rendered":"http:\/\/www.studiogera.de\/001\/?p=13825"},"modified":"2021-01-05T12:48:31","modified_gmt":"2021-01-05T11:48:31","slug":"segnung-des-geraer-rathauses","status":"publish","type":"post","link":"https:\/\/www.studiogera.de\/001\/2021\/01\/05\/segnung-des-geraer-rathauses\/","title":{"rendered":"SEGNUNG DES GERAER RATHAUSES"},"content":{"rendered":"\n<p>Geras Oberb\u00fcrgermeister Julian Vonarb empfing am 5. Januar 2021 den leitenden Pfarrer der R\u00f6misch-Katholischen Pfarrei St. Elisabeth, Bertram Wolf. Verbunden mit einem Gebet, segnete Pfarrer Wolf das Rathaus der Stadt. Oberb\u00fcrgermeister Vonarb zeigte sich dankbar \u00fcber diese Segnung und blickt positiv auf das kommende Jahr. Traditionell \u00fcbernehmen die Sternensinger die j\u00e4hrliche Segnung Anfang Januar im Rathaussaal. Diese konnte aufgrund der derzeitigen Einschr\u00e4nkungen nicht stattfinden.<\/p>\n","protected":false},"excerpt":{"rendered":"<div class=\"mh-excerpt\"><p>Geras Oberb\u00fcrgermeister Julian Vonarb empfing am 5. Januar 2021 den leitenden Pfarrer der R\u00f6misch-Katholischen Pfarrei St. Elisabeth, Bertram Wolf. Verbunden mit einem Gebet, segnete Pfarrer Wolf das Rathaus der Stadt. Oberb\u00fcrgermeister Vonarb zeigte sich dankbar <a class=\"mh-excerpt-more\" href=\"https:\/\/www.studiogera.de\/001\/2021\/01\/05\/segnung-des-geraer-rathauses\/\" title=\"SEGNUNG DES GERAER RATHAUSES\">[&#8230;]<\/a><\/p>\n<\/div>","protected":false},"author":2,"featured_media":13826,"comment_status":"open","ping_status":"open","sticky":false,"template":"","format":"standard","meta":{"footnotes":""},"categories":[16],"tags":[],"class_list":{"0":"post-13825","1":"post","2":"type-post","3":"status-publish","4":"format-standard","5":"has-post-thumbnail","7":"category-kurzmitteilungen"},"_links":{"self":[{"href":"https:\/\/www.studiogera.de\/001\/wp-json\/wp\/v2\/posts\/13825","targetHints":{"allow":["GET"]}}],"collection":[{"href":"https:\/\/www.studiogera.de\/001\/wp-json\/wp\/v2\/posts"}],"about":[{"href":"https:\/\/www.studiogera.de\/001\/wp-json\/wp\/v2\/types\/post"}],"author":[{"embeddable":true,"href":"https:\/\/www.studiogera.de\/001\/wp-json\/wp\/v2\/users\/2"}],"replies":[{"embeddable":true,"href":"https:\/\/www.studiogera.de\/001\/wp-json\/wp\/v2\/comments?post=13825"}],"version-history":[{"count":1,"href":"https:\/\/www.studiogera.de\/001\/wp-json\/wp\/v2\/posts\/13825\/revisions"}],"predecessor-version":[{"id":13827,"href":"https:\/\/www.studiogera.de\/001\/wp-json\/wp\/v2\/posts\/13825\/revisions\/13827"}],"wp:featuredmedia":[{"embeddable":true,"href":"https:\/\/www.studiogera.de\/001\/wp-json\/wp\/v2\/media\/13826"}],"wp:attachment":[{"href":"https:\/\/www.studiogera.de\/001\/wp-json\/wp\/v2\/media?parent=13825"}],"wp:term":[{"taxonomy":"category","embeddable":true,"href":"https:\/\/www.studiogera.de\/001\/wp-json\/wp\/v2\/categories?post=13825"},{"taxonomy":"post_tag","embeddable":true,"href":"https:\/\/www.studiogera.de\/001\/wp-json\/wp\/v2\/tags?post=13825"}],"curies":[{"name":"wp","href":"https:\/\/api.w.org\/{rel}","templated":true}]}}