{"id":13830,"date":"2021-01-06T01:34:11","date_gmt":"2021-01-06T00:34:11","guid":{"rendered":"http:\/\/www.studiogera.de\/001\/?p=13830"},"modified":"2021-01-06T01:49:48","modified_gmt":"2021-01-06T00:49:48","slug":"verlaengerung-der-restriktionen-bis-31-januar-2021","status":"publish","type":"post","link":"https:\/\/www.studiogera.de\/001\/2021\/01\/06\/verlaengerung-der-restriktionen-bis-31-januar-2021\/","title":{"rendered":"VERL\u00c4NGERUNG DER RESTRIKTIONEN BIS 31. JANUAR 2021"},"content":{"rendered":"\n<p>Mittlerweile zeichnet sich eine Tendenz zu weiteren und deutlich st\u00e4rkeren Einschr\u00e4nkungen im Laufe des Jahres 2021 ab. Auch mit einem Impfstoff scheinen Lockerungen immer weiter in die Ferne zu r\u00fccken. Am 5. Januar einigten sich die Ministerpr\u00e4sidenten und Bundeskanzlerin Merkel auf eine Verl\u00e4ngerung bestehender Einschr\u00e4nkungen, eine Versch\u00e4rfung der Kontaktbeschr\u00e4nkungen und erweiterte Ma\u00dfnahmen bei einem Sieben-Tage-Wert von mehr als 200:<\/p>\n\n\n\n<p><a href=\"https:\/\/www.facebook.com\/Bundesregierung\/videos\/673462113333574\/\">https:\/\/www.facebook.com\/Bundesregierung\/videos\/673462113333574\/<\/a><\/p>\n\n\n\n<p>Alle bis zum 10. Januar befristeten Ma\u00dfnahmen werden bis zum 31. Januar verl\u00e4ngert. Das gilt auch f\u00fcr die Einschr\u00e4nkungen des Schulbetriebs und der Kinderg\u00e4rten. Private Zusammenk\u00fcnfte sind im Kreise der Angeh\u00f6rigen des eigenen Hausstandes und mit h\u00f6chstens einer weiteren nicht im Haushalt lebenden Person gestattet. F\u00fcr Landkreise mit einem Sieben-Tage-Wert von \u00fcber 200 soll der Bewegungsradius auf 15 Kilometer um den Wohnort eingeschr\u00e4nkt werden, sofern kein triftiger Grund vorliegt. Der ausf\u00fchrliche Beschlusstext ist unter folgender Adresse zu finden:<\/p>\n\n\n\n<p><a href=\"https:\/\/www.bundesregierung.de\/breg-de\/aktuelles\/bund-laender-beschluss-1834282\">https:\/\/www.bundesregierung.de\/breg-de\/aktuelles\/bund-laender-beschluss-1834282<\/a><\/p>\n\n\n\n<p>Die Beschl\u00fcsse treten nach dem Erlass der entsprechenden Verordnungen der einzelnen L\u00e4nder in Kraft. Begr\u00fcndet werden sie damit, eine \u00dcberlastung des Gesundheitssystems verhindern und Kontaktketten nachvollziehbar machen zu wollen.<\/p>\n\n\n\n<figure class=\"wp-block-embed\"><div class=\"wp-block-embed__wrapper\">\n<iframe loading=\"lazy\" title=\"Ministerpr\u00e4sident Bodo Ramelow  nach der Konferenz mit der Bundeskanzlerin am 5.1.2021\" width=\"500\" height=\"281\" src=\"https:\/\/www.youtube.com\/embed\/wnr42znfja4?feature=oembed\" frameborder=\"0\" allow=\"accelerometer; autoplay; clipboard-write; encrypted-media; gyroscope; picture-in-picture; web-share\" referrerpolicy=\"strict-origin-when-cross-origin\" allowfullscreen><\/iframe>\n<\/div><\/figure>\n\n\n\n<p>Th\u00fcringens Ministerpr\u00e4sident Bodo Ramelow nahm nach der Ministerp\u00e4sidentenkonferenz Stellung zu den getroffenen Entscheidungen. Die Strategien seien Impfen, Kontaktvermeidung und Distanzunterricht.<\/p>\n","protected":false},"excerpt":{"rendered":"<div class=\"mh-excerpt\"><p>Mittlerweile zeichnet sich eine Tendenz zu weiteren und deutlich st\u00e4rkeren Einschr\u00e4nkungen im Laufe des Jahres 2021 ab. Auch mit einem Impfstoff scheinen Lockerungen immer weiter in die Ferne zu r\u00fccken. Am 5. Januar einigten sich <a class=\"mh-excerpt-more\" href=\"https:\/\/www.studiogera.de\/001\/2021\/01\/06\/verlaengerung-der-restriktionen-bis-31-januar-2021\/\" title=\"VERL\u00c4NGERUNG DER RESTRIKTIONEN BIS 31. JANUAR 2021\">[&#8230;]<\/a><\/p>\n<\/div>","protected":false},"author":2,"featured_media":9860,"comment_status":"open","ping_status":"open","sticky":false,"template":"","format":"standard","meta":{"footnotes":""},"categories":[2],"tags":[],"class_list":{"0":"post-13830","1":"post","2":"type-post","3":"status-publish","4":"format-standard","5":"has-post-thumbnail","7":"category-weltweit"},"_links":{"self":[{"href":"https:\/\/www.studiogera.de\/001\/wp-json\/wp\/v2\/posts\/13830","targetHints":{"allow":["GET"]}}],"collection":[{"href":"https:\/\/www.studiogera.de\/001\/wp-json\/wp\/v2\/posts"}],"about":[{"href":"https:\/\/www.studiogera.de\/001\/wp-json\/wp\/v2\/types\/post"}],"author":[{"embeddable":true,"href":"https:\/\/www.studiogera.de\/001\/wp-json\/wp\/v2\/users\/2"}],"replies":[{"embeddable":true,"href":"https:\/\/www.studiogera.de\/001\/wp-json\/wp\/v2\/comments?post=13830"}],"version-history":[{"count":6,"href":"https:\/\/www.studiogera.de\/001\/wp-json\/wp\/v2\/posts\/13830\/revisions"}],"predecessor-version":[{"id":13837,"href":"https:\/\/www.studiogera.de\/001\/wp-json\/wp\/v2\/posts\/13830\/revisions\/13837"}],"wp:featuredmedia":[{"embeddable":true,"href":"https:\/\/www.studiogera.de\/001\/wp-json\/wp\/v2\/media\/9860"}],"wp:attachment":[{"href":"https:\/\/www.studiogera.de\/001\/wp-json\/wp\/v2\/media?parent=13830"}],"wp:term":[{"taxonomy":"category","embeddable":true,"href":"https:\/\/www.studiogera.de\/001\/wp-json\/wp\/v2\/categories?post=13830"},{"taxonomy":"post_tag","embeddable":true,"href":"https:\/\/www.studiogera.de\/001\/wp-json\/wp\/v2\/tags?post=13830"}],"curies":[{"name":"wp","href":"https:\/\/api.w.org\/{rel}","templated":true}]}}