{"id":13844,"date":"2021-01-07T23:55:26","date_gmt":"2021-01-07T22:55:26","guid":{"rendered":"http:\/\/www.studiogera.de\/001\/?p=13844"},"modified":"2021-01-07T23:55:27","modified_gmt":"2021-01-07T22:55:27","slug":"absage-von-sitzungen","status":"publish","type":"post","link":"https:\/\/www.studiogera.de\/001\/2021\/01\/07\/absage-von-sitzungen\/","title":{"rendered":"ABSAGE VON SITZUNGEN"},"content":{"rendered":"\n<p>Mehrere Sitzungen wurden abgesagt:<\/p>\n\n\n\n<p><strong>Sitzung des Ausschusses f\u00fcr Wirtschaft und Stadtentwicklung am 7. Januar 2021<\/strong><br>Die f\u00fcr Donnerstag, den 7. Januar 2021, geplante Sitzung des Ausschusses f\u00fcr Wirtschaft und Stadtentwicklung ist abgesagt.<\/p>\n\n\n\n<p><strong>Ortsteilratssitzung R\u00f6psen<\/strong><br>Die f\u00fcr Montag, 11. Januar 2021, geplante Ortsteilratssitzung R\u00f6psen wurde vom Ortsteilb\u00fcrgermeister aufgrund der Corona-Beschr\u00e4nkungen abgesagt.<\/p>\n\n\n\n<p><strong>Sitzung des Jugendhilfeausschusses am 12. Januar 2021<\/strong><br>Die f\u00fcr Dienstag, den 12. Januar 2021, geplante Sitzung des Jugendhilfeausschusses entf\u00e4llt.<\/p>\n\n\n\n<p><strong>Sitzung des Geraer Stadtrates am 13. Januar 2021<\/strong><br>Die f\u00fcr Mittwoch, den 13. Januar 2021, geplante Einwohnerfragestunde sowie die Sitzung des Stadtrates wurden mit Blick auf die Corona-Situation abgesagt.<\/p>\n","protected":false},"excerpt":{"rendered":"<div class=\"mh-excerpt\"><p>Mehrere Sitzungen wurden abgesagt: Sitzung des Ausschusses f\u00fcr Wirtschaft und Stadtentwicklung am 7. Januar 2021Die f\u00fcr Donnerstag, den 7. Januar 2021, geplante Sitzung des Ausschusses f\u00fcr Wirtschaft und Stadtentwicklung ist abgesagt. Ortsteilratssitzung R\u00f6psenDie f\u00fcr Montag, <a class=\"mh-excerpt-more\" href=\"https:\/\/www.studiogera.de\/001\/2021\/01\/07\/absage-von-sitzungen\/\" title=\"ABSAGE VON SITZUNGEN\">[&#8230;]<\/a><\/p>\n<\/div>","protected":false},"author":2,"featured_media":475,"comment_status":"open","ping_status":"open","sticky":false,"template":"","format":"standard","meta":{"footnotes":""},"categories":[16],"tags":[],"class_list":{"0":"post-13844","1":"post","2":"type-post","3":"status-publish","4":"format-standard","5":"has-post-thumbnail","7":"category-kurzmitteilungen"},"_links":{"self":[{"href":"https:\/\/www.studiogera.de\/001\/wp-json\/wp\/v2\/posts\/13844","targetHints":{"allow":["GET"]}}],"collection":[{"href":"https:\/\/www.studiogera.de\/001\/wp-json\/wp\/v2\/posts"}],"about":[{"href":"https:\/\/www.studiogera.de\/001\/wp-json\/wp\/v2\/types\/post"}],"author":[{"embeddable":true,"href":"https:\/\/www.studiogera.de\/001\/wp-json\/wp\/v2\/users\/2"}],"replies":[{"embeddable":true,"href":"https:\/\/www.studiogera.de\/001\/wp-json\/wp\/v2\/comments?post=13844"}],"version-history":[{"count":1,"href":"https:\/\/www.studiogera.de\/001\/wp-json\/wp\/v2\/posts\/13844\/revisions"}],"predecessor-version":[{"id":13845,"href":"https:\/\/www.studiogera.de\/001\/wp-json\/wp\/v2\/posts\/13844\/revisions\/13845"}],"wp:featuredmedia":[{"embeddable":true,"href":"https:\/\/www.studiogera.de\/001\/wp-json\/wp\/v2\/media\/475"}],"wp:attachment":[{"href":"https:\/\/www.studiogera.de\/001\/wp-json\/wp\/v2\/media?parent=13844"}],"wp:term":[{"taxonomy":"category","embeddable":true,"href":"https:\/\/www.studiogera.de\/001\/wp-json\/wp\/v2\/categories?post=13844"},{"taxonomy":"post_tag","embeddable":true,"href":"https:\/\/www.studiogera.de\/001\/wp-json\/wp\/v2\/tags?post=13844"}],"curies":[{"name":"wp","href":"https:\/\/api.w.org\/{rel}","templated":true}]}}