{"id":13846,"date":"2021-01-08T00:01:02","date_gmt":"2021-01-07T23:01:02","guid":{"rendered":"http:\/\/www.studiogera.de\/001\/?p=13846"},"modified":"2021-01-08T00:01:03","modified_gmt":"2021-01-07T23:01:03","slug":"das-geraer-krematorium-ist-wieder-in-betrieb","status":"publish","type":"post","link":"https:\/\/www.studiogera.de\/001\/2021\/01\/08\/das-geraer-krematorium-ist-wieder-in-betrieb\/","title":{"rendered":"DAS GERAER KREMATORIUM IST WIEDER IN BETRIEB"},"content":{"rendered":"\n<p>Am 23. Dezember 2020 fiel im Geraer Krematorium am Einfuhrwagen des Ein\u00e4scherungsofens ein Hydraulikzylinder aus. Da es sich bei der Anlage und eine Sonderanfertigung handelt, konnte eine sofortige Reparatur nicht durchgef\u00fchrt werden. Der zust\u00e4ndige Kundendienst konnte das defekte Teil am 29. Dezember 2020 kurzfristig ausbauen und im Werk reparieren lassen. Der Wiedereinbau konnte unkompliziert am 4. Januar 2021 erfolgen. Seit dem gestrigen Tag werden Ein\u00e4scherungen im Geraer Krematorium nun wieder planm\u00e4\u00dfig durchgef\u00fchrt.<\/p>\n\n\n\n<p>Unabh\u00e4ngig von diesem technischen Defekt machte sich das Aufstellen eines K\u00fchlcontainers dennoch erforderlich, da aufgrund der aktuell hohen Sterblichkeit die K\u00fchlzellenkapazit\u00e4t ausgelastet ist. Die angestellten Feuerbestatter arbeiten derzeit im Schichtbetrieb, um die Ein\u00e4scherungen schnellstm\u00f6glich durchf\u00fchren zu k\u00f6nnen.<\/p>\n\n\n\n<p>QUELLE: STADTVERWALTUNG<\/p>\n","protected":false},"excerpt":{"rendered":"<div class=\"mh-excerpt\"><p>Am 23. Dezember 2020 fiel im Geraer Krematorium am Einfuhrwagen des Ein\u00e4scherungsofens ein Hydraulikzylinder aus. Da es sich bei der Anlage und eine Sonderanfertigung handelt, konnte eine sofortige Reparatur nicht durchgef\u00fchrt werden. Der zust\u00e4ndige Kundendienst <a class=\"mh-excerpt-more\" href=\"https:\/\/www.studiogera.de\/001\/2021\/01\/08\/das-geraer-krematorium-ist-wieder-in-betrieb\/\" title=\"DAS GERAER KREMATORIUM IST WIEDER IN BETRIEB\">[&#8230;]<\/a><\/p>\n<\/div>","protected":false},"author":2,"featured_media":13847,"comment_status":"open","ping_status":"open","sticky":false,"template":"","format":"standard","meta":{"footnotes":""},"categories":[3],"tags":[],"class_list":{"0":"post-13846","1":"post","2":"type-post","3":"status-publish","4":"format-standard","5":"has-post-thumbnail","7":"category-lokal"},"_links":{"self":[{"href":"https:\/\/www.studiogera.de\/001\/wp-json\/wp\/v2\/posts\/13846","targetHints":{"allow":["GET"]}}],"collection":[{"href":"https:\/\/www.studiogera.de\/001\/wp-json\/wp\/v2\/posts"}],"about":[{"href":"https:\/\/www.studiogera.de\/001\/wp-json\/wp\/v2\/types\/post"}],"author":[{"embeddable":true,"href":"https:\/\/www.studiogera.de\/001\/wp-json\/wp\/v2\/users\/2"}],"replies":[{"embeddable":true,"href":"https:\/\/www.studiogera.de\/001\/wp-json\/wp\/v2\/comments?post=13846"}],"version-history":[{"count":1,"href":"https:\/\/www.studiogera.de\/001\/wp-json\/wp\/v2\/posts\/13846\/revisions"}],"predecessor-version":[{"id":13848,"href":"https:\/\/www.studiogera.de\/001\/wp-json\/wp\/v2\/posts\/13846\/revisions\/13848"}],"wp:featuredmedia":[{"embeddable":true,"href":"https:\/\/www.studiogera.de\/001\/wp-json\/wp\/v2\/media\/13847"}],"wp:attachment":[{"href":"https:\/\/www.studiogera.de\/001\/wp-json\/wp\/v2\/media?parent=13846"}],"wp:term":[{"taxonomy":"category","embeddable":true,"href":"https:\/\/www.studiogera.de\/001\/wp-json\/wp\/v2\/categories?post=13846"},{"taxonomy":"post_tag","embeddable":true,"href":"https:\/\/www.studiogera.de\/001\/wp-json\/wp\/v2\/tags?post=13846"}],"curies":[{"name":"wp","href":"https:\/\/api.w.org\/{rel}","templated":true}]}}