{"id":13849,"date":"2021-01-08T00:19:48","date_gmt":"2021-01-07T23:19:48","guid":{"rendered":"http:\/\/www.studiogera.de\/001\/?p=13849"},"modified":"2021-01-08T00:19:52","modified_gmt":"2021-01-07T23:19:52","slug":"beigeordneter-michael-sonntag-gibt-veraenderungen-bekannt","status":"publish","type":"post","link":"https:\/\/www.studiogera.de\/001\/2021\/01\/08\/beigeordneter-michael-sonntag-gibt-veraenderungen-bekannt\/","title":{"rendered":"BEIGEORDNETER MICHAEL SONNTAG GIBT VER\u00c4NDERUNGEN BEKANNT"},"content":{"rendered":"\n<p>Zum Jahresbeginn 2021 sind bedeutende strukturelle Ver\u00e4nderungen im Dezernat f\u00fcr Stadtentwicklung, Bau und Umwelt durchgef\u00fchrt worden. Der Oberb\u00fcrgermeister der Stadt Gera, Julian Vonarb, hatte den neuen Baudezernenten Michael Sonntag explizit dazu aufgefordert und beauftragt. Nach rund einhundert Tagen Amtszeit sieht Geras Baudezernent Michael Sonntag die Modifizierungen und Anpassungen als zukunftsweisend und wichtig f\u00fcr die Stadt: \u201eMein Dezernat erf\u00e4hrt eine Umstrukturierung, die es uns ab sofort noch st\u00e4rker erlaubt, st\u00e4dtebauliche Entwicklungen und strategische Planungen in den Mittelpunkt zu r\u00fccken.\u201c<\/p>\n\n\n\n<p>So wurde wieder ein Stadtplanungsamt gegr\u00fcndet, in dem die Stadtplanung und Stadtgestaltung sowie die Stadterneuerung ab Januar 2021 vereint sind. Planerische Aufgaben zum Stra\u00dfenverkehr wurden nunmehr aus dem Verkehrsamt heraus gel\u00f6st und erg\u00e4nzen das neue Stadtplanungsamt. Au\u00dferdem wurden das Verkehrsamt und das Tiefbauamt zu einem gemeinsamen Amt zusammengef\u00fchrt. Die durch die Umstrukturierung entstandenen, offenen F\u00fchrungsstellen w\u00fcrden schnellstm\u00f6glich mit erfahrenen Fachleuten besetzt, erkl\u00e4rt Sonntag. \u201eDie komplexe, strategische Ausrichtung und die damit verbundenen Anpassungen im neuen Tiefbau- und Verkehrsamt geben der Stadtentwicklung und Stadtplanung den n\u00f6tigen Raum und die Bedeutung im Zentrum des Dezernats. Dies spiegelt auch die Erweiterung der Namensgebung des ehemaligen Dezernats f\u00fcr Bau und Umwelt wider. Stadtentwicklung ist nun auch Teil der Dezernatsbezeichnung.\u201c<\/p>\n\n\n\n<p>Zudem werden die Belebung der Innenstadt sowie Geras \u201eNeue Mitte\u201c in den kommenden zw\u00f6lf Monaten und dar\u00fcber hinaus zur Chefsache im Baudezernat gemacht. \u201eDie Fl\u00e4che vor dem Kultur- und Kongresszentrum bietet sehr viel Potenzial und erfordert besondere Qualit\u00e4t in der Planung und Durchf\u00fchrung. Es wird spannend und herausfordernd sein, die Federf\u00fchrung f\u00fcr ein Projekt dieser Art zu \u00fcbernehmen\u201c, so Sonntag. \u201eAu\u00dferdem liegt mir die Belebung der Sorge und insbesondere des Tietz Kaufhauses am Herzen. Die Aufwertung der innerst\u00e4dtischen Pl\u00e4tze wie Zschochernplatz, Kornmarkt und Gustav-Hennig-Platz steht ebenfalls ganz oben auf meiner Agenda.\u201c<\/p>\n\n\n\n<p>Die strukturellen Ver\u00e4nderungen im Baudezernat reihen sich ein in die Verwaltungsreform, die Oberb\u00fcrgermeister Julian Vonarb bei seinem Amtsantritt 2018 versprach. Der erste Stein wurde nach intensiver Planung und Vorbereitung zum 1. Januar 2020 ins Rollen gebracht. Fachdienste wurden zu \u00c4mtern und es wurde begonnen, strukturelle \u00c4nderungen im Dezernat des Oberb\u00fcrgermeisters vorzunehmen. Diese werden auch im Jahr 2021 fortgesetzt. \u201eDas Ziel war und ist, schnellere Prozesse und Abl\u00e4ufe zu etablieren und die Verwaltung noch b\u00fcrgerfreundlicher zu gestalten. Ich werde gemeinsam mit meinem Dezernat unsere Arbeit langfristig noch st\u00e4rker auf die notwendige Digitalisierung, laufende Projekte, Netzwerkarbeit und Geras Wirkungskreis \u00fcber seine Grenzen als wichtiges Oberzentrum und Wirtschaftsstandort hinaus ausrichten\u201c, erkl\u00e4rt Geras Oberb\u00fcrgermeister und erg\u00e4nzt: \u201eDer Charakter unserer Stadt wird und muss sich mehr und mehr formen um zukunftsweisend aufgestellt zu sein. Die Stadt Gera ist sich dabei ihrer besonderen Verantwortung als Oberzentrum bewusst und wird diese Rolle auch f\u00fcr Ostth\u00fcringen weiter wahrnehmen.\u201c<\/p>\n\n\n\n<p>Die \u00c4nderungen traten am 1. Januar 2021 in Kraft. Das aktuelle Organigramm der Stadtverwaltung ist zu finden unter \u201ehttps:\/\/www.gera.de\u201c.<\/p>\n\n\n\n<p>QUELLE: STADTVERWALTUNG<\/p>\n","protected":false},"excerpt":{"rendered":"<div class=\"mh-excerpt\"><p>Zum Jahresbeginn 2021 sind bedeutende strukturelle Ver\u00e4nderungen im Dezernat f\u00fcr Stadtentwicklung, Bau und Umwelt durchgef\u00fchrt worden. Der Oberb\u00fcrgermeister der Stadt Gera, Julian Vonarb, hatte den neuen Baudezernenten Michael Sonntag explizit dazu aufgefordert und beauftragt. Nach <a class=\"mh-excerpt-more\" href=\"https:\/\/www.studiogera.de\/001\/2021\/01\/08\/beigeordneter-michael-sonntag-gibt-veraenderungen-bekannt\/\" title=\"BEIGEORDNETER MICHAEL SONNTAG GIBT VER\u00c4NDERUNGEN BEKANNT\">[&#8230;]<\/a><\/p>\n<\/div>","protected":false},"author":2,"featured_media":7605,"comment_status":"open","ping_status":"open","sticky":false,"template":"","format":"standard","meta":{"footnotes":""},"categories":[3],"tags":[],"class_list":{"0":"post-13849","1":"post","2":"type-post","3":"status-publish","4":"format-standard","5":"has-post-thumbnail","7":"category-lokal"},"_links":{"self":[{"href":"https:\/\/www.studiogera.de\/001\/wp-json\/wp\/v2\/posts\/13849","targetHints":{"allow":["GET"]}}],"collection":[{"href":"https:\/\/www.studiogera.de\/001\/wp-json\/wp\/v2\/posts"}],"about":[{"href":"https:\/\/www.studiogera.de\/001\/wp-json\/wp\/v2\/types\/post"}],"author":[{"embeddable":true,"href":"https:\/\/www.studiogera.de\/001\/wp-json\/wp\/v2\/users\/2"}],"replies":[{"embeddable":true,"href":"https:\/\/www.studiogera.de\/001\/wp-json\/wp\/v2\/comments?post=13849"}],"version-history":[{"count":1,"href":"https:\/\/www.studiogera.de\/001\/wp-json\/wp\/v2\/posts\/13849\/revisions"}],"predecessor-version":[{"id":13850,"href":"https:\/\/www.studiogera.de\/001\/wp-json\/wp\/v2\/posts\/13849\/revisions\/13850"}],"wp:featuredmedia":[{"embeddable":true,"href":"https:\/\/www.studiogera.de\/001\/wp-json\/wp\/v2\/media\/7605"}],"wp:attachment":[{"href":"https:\/\/www.studiogera.de\/001\/wp-json\/wp\/v2\/media?parent=13849"}],"wp:term":[{"taxonomy":"category","embeddable":true,"href":"https:\/\/www.studiogera.de\/001\/wp-json\/wp\/v2\/categories?post=13849"},{"taxonomy":"post_tag","embeddable":true,"href":"https:\/\/www.studiogera.de\/001\/wp-json\/wp\/v2\/tags?post=13849"}],"curies":[{"name":"wp","href":"https:\/\/api.w.org\/{rel}","templated":true}]}}