{"id":13851,"date":"2021-01-08T00:28:09","date_gmt":"2021-01-07T23:28:09","guid":{"rendered":"http:\/\/www.studiogera.de\/001\/?p=13851"},"modified":"2021-01-08T00:28:33","modified_gmt":"2021-01-07T23:28:33","slug":"stadtrat-wird-ueber-smartcity-pilotprojekte-entscheiden","status":"publish","type":"post","link":"https:\/\/www.studiogera.de\/001\/2021\/01\/08\/stadtrat-wird-ueber-smartcity-pilotprojekte-entscheiden\/","title":{"rendered":"STADTRAT WIRD \u00dcBER SMARTCITY-PILOTPROJEKTE ENTSCHEIDEN"},"content":{"rendered":"\n<p>Das neue Jahr beginnt mit einem wichtigen Meilenstein f\u00fcr die digitale Entwicklung der Stadt Gera. Der Stadtrat wird in seiner n\u00e4chsten Sitzung entscheiden, welche Pilotprojekte aus den 14 Vorschl\u00e4gen des Strategiekreises umgesetzt werden. Ziel dieser Zwischenetappe ist es, das Smartcity-Projekt f\u00fcr die B\u00fcrger und B\u00fcrgerinnen der Stadt Gera konkreter und greifbarer zu machen. Das Portfolio der vorliegenden Konzepte ist umfangreich und inhaltlich sehr vielf\u00e4ltig. \u201eDie Ideen und Ans\u00e4tze sind in verschiedenen Arbeitsgruppen entstanden. Vielen Dank an alle ehrenamtlich Engagierten, alle Unternehmen und Beteiligten.\u201c, res\u00fcmiert Alexander Leonhardt, Leiter des Amts f\u00fcr Zentrale Steuerung.<\/p>\n\n\n\n<p>Das Projektteam ist gespannt, welche Pilotprojekte im Stadtrat \u00fcberzeugen: \u201eDie Mischung ist richtig gut \u2014 Gera kann nur gewinnen!\u201c Die entwickelten Pilotprojekte reichen von \u00dcberlegungen zu einem digitalen B\u00fcrger-Service-Portal, um Verwaltungsdienstleistungen einfacher und flexibler bereitzustellen, gehen \u00fcber ein Meldemanagement-System, um St\u00f6rungen und Gefahren im \u00f6ffentlichen Raum schnell und barrierefrei zu melden und beinhalten Ans\u00e4tze zu smarten Beleuchtungssystemen im Innenstadtbereich.<\/p>\n\n\n\n<p>Parallel zu dieser Pilotierung wird weiterhin intensiv am Strategiepapier der digitalen Modernisierung der Stadt Gera gearbeitet. Dieses ist relevanter Wegweiser und Baustein f\u00fcr die Stadtentwicklung in den n\u00e4chsten Jahren und steht damit im Fokus f\u00fcr die Projektarbeit 2021. Auf der Agenda stehen hierf\u00fcr aktuell die Smartcity-Wochen im Januar und Februar, um inhaltliche Impulse zu setzen. \u201eHier gibt es kein \u201aRichtig\u2018 oder \u201aFalsch\u2018. Es geht einzig und allein um die Frage, wie wir die Zukunft unserer Stadt sehen. Wie wir uns das Leben, Wohnen und Arbeiten in unserer Stadt k\u00fcnftig vorstellen.\u201c, richtet die Projektgruppe den Blick optimistisch nach vorn.<\/p>\n\n\n\n<p>Die Stadt Gera ist seit Juli 2019 Modellstadt Smartcity und wird vom Bundesministerium des Innern, f\u00fcr Bau und Heimat Bundesministerium f\u00fcr eine digitale Modernisierung gef\u00f6rdert. Das Projekt ist in zwei Stufen gegliedert: der Strategiephase 2019 bis 2022, und der Umsetzungsphase 2022 bis 2026.<\/p>\n\n\n\n<p>Eine \u00dcbersicht der Pilotprojekte und weitere Informationen zu Smartcity sind zu finden unter \u201e<a href=\"https:\/\/unser.gera.de\/projekte\/smartcity\/\">https:\/\/unser.gera.de\/projekte\/smartcity\/<\/a>\u201c.<\/p>\n\n\n\n<p>QUELLE: STADTVERWALTUNG<\/p>\n","protected":false},"excerpt":{"rendered":"<div class=\"mh-excerpt\"><p>Das neue Jahr beginnt mit einem wichtigen Meilenstein f\u00fcr die digitale Entwicklung der Stadt Gera. Der Stadtrat wird in seiner n\u00e4chsten Sitzung entscheiden, welche Pilotprojekte aus den 14 Vorschl\u00e4gen des Strategiekreises umgesetzt werden. Ziel dieser <a class=\"mh-excerpt-more\" href=\"https:\/\/www.studiogera.de\/001\/2021\/01\/08\/stadtrat-wird-ueber-smartcity-pilotprojekte-entscheiden\/\" title=\"STADTRAT WIRD \u00dcBER SMARTCITY-PILOTPROJEKTE ENTSCHEIDEN\">[&#8230;]<\/a><\/p>\n<\/div>","protected":false},"author":2,"featured_media":13852,"comment_status":"open","ping_status":"open","sticky":false,"template":"","format":"standard","meta":{"footnotes":""},"categories":[3],"tags":[],"class_list":{"0":"post-13851","1":"post","2":"type-post","3":"status-publish","4":"format-standard","5":"has-post-thumbnail","7":"category-lokal"},"_links":{"self":[{"href":"https:\/\/www.studiogera.de\/001\/wp-json\/wp\/v2\/posts\/13851","targetHints":{"allow":["GET"]}}],"collection":[{"href":"https:\/\/www.studiogera.de\/001\/wp-json\/wp\/v2\/posts"}],"about":[{"href":"https:\/\/www.studiogera.de\/001\/wp-json\/wp\/v2\/types\/post"}],"author":[{"embeddable":true,"href":"https:\/\/www.studiogera.de\/001\/wp-json\/wp\/v2\/users\/2"}],"replies":[{"embeddable":true,"href":"https:\/\/www.studiogera.de\/001\/wp-json\/wp\/v2\/comments?post=13851"}],"version-history":[{"count":1,"href":"https:\/\/www.studiogera.de\/001\/wp-json\/wp\/v2\/posts\/13851\/revisions"}],"predecessor-version":[{"id":13853,"href":"https:\/\/www.studiogera.de\/001\/wp-json\/wp\/v2\/posts\/13851\/revisions\/13853"}],"wp:featuredmedia":[{"embeddable":true,"href":"https:\/\/www.studiogera.de\/001\/wp-json\/wp\/v2\/media\/13852"}],"wp:attachment":[{"href":"https:\/\/www.studiogera.de\/001\/wp-json\/wp\/v2\/media?parent=13851"}],"wp:term":[{"taxonomy":"category","embeddable":true,"href":"https:\/\/www.studiogera.de\/001\/wp-json\/wp\/v2\/categories?post=13851"},{"taxonomy":"post_tag","embeddable":true,"href":"https:\/\/www.studiogera.de\/001\/wp-json\/wp\/v2\/tags?post=13851"}],"curies":[{"name":"wp","href":"https:\/\/api.w.org\/{rel}","templated":true}]}}