{"id":13867,"date":"2021-01-09T15:48:39","date_gmt":"2021-01-09T14:48:39","guid":{"rendered":"http:\/\/www.studiogera.de\/001\/?p=13867"},"modified":"2021-01-09T15:56:31","modified_gmt":"2021-01-09T14:56:31","slug":"massenimpfungen-in-gera-ab-13-januar-2021","status":"publish","type":"post","link":"https:\/\/www.studiogera.de\/001\/2021\/01\/09\/massenimpfungen-in-gera-ab-13-januar-2021\/","title":{"rendered":"MASSENIMPFUNGEN IN GERA AB 13. JANUAR 2021"},"content":{"rendered":"\n<p>Am Mittwoch, den 13. Januar 2020, er\u00f6ffnet im Aesculap-Haus in Bieblach in der Johannes-R.-Becher-Stra\u00dfe die erste von zwei Impfstellen in der Stadt. Von Montag bis Freitag sollen im F\u00fcnf-Minuten-Takt die Impfstoffe gegen das Virus SARS-CoV-2 verabreicht werden. Im Februar wird eine zweite Impfstelle in der Ernst-Toller-Stra\u00dfe in Betrieb genommen.<\/p>\n\n\n\n<p>Die Kassen\u00e4rztliche Vereinigung, die die Impfungen f\u00fcr ganz Th\u00fcringen organisiert, teilt mit, dass die Termine bereits bis in den Februar hinein vergeben sind. Anmeldungen f\u00fcr anspruchsberechtigte Personen laut Coronavirus-Impfverordnung, u. a. alle \u00fcber 80-j\u00e4hrigen Menschen, Pflegepersonal, medizinisches Personal mit erh\u00f6htem Risiko, sind weiterhin \u00fcber \u201ewww.impfen-thueringen.de\u201c oder \u00fcber die Rufnummer 03643 4950490 m\u00f6glich. Diese ist montags, dienstags und donnerstags von 8 Uhr bis 17 Uhr, sowie mittwochs und freitags von 8 Uhr bis 12 Uhr erreichbar.<\/p>\n\n\n\n<p>Der Sieben-Tage-Wert f\u00fcr die Stadt Gera liegt seit Dienstag unter 200. Am Wochenende wird eine neue Th\u00fcringer Verordnung erwartet. Sobald diese ver\u00f6ffentlicht ist, wird sie, ebenso wie viele andere Informationen auch, unter \u201ewww.corona.gera.de\u201c zu finden sein.<\/p>\n\n\n\n<p>Seit Beginn der Impfungen Ende Dezember 2020 waren in Th\u00fcringen bis zum Zeitpunkt 9. Januar 2021, 0 Uhr, 10&#8217;513 Menschen geimpft. Das sind 4,9 % bezogen auf 100&#8217;000 Einwohner im Land. Zuletzt konnten 2518 Th\u00fcringer an einem Tag geimpft werden. Der Freistaat z\u00e4hlt insgesamt rund\u00a02&#8217;125&#8217;000\u00a0Einwohner.<\/p>\n","protected":false},"excerpt":{"rendered":"<div class=\"mh-excerpt\"><p>Am Mittwoch, den 13. Januar 2020, er\u00f6ffnet im Aesculap-Haus in Bieblach in der Johannes-R.-Becher-Stra\u00dfe die erste von zwei Impfstellen in der Stadt. Von Montag bis Freitag sollen im F\u00fcnf-Minuten-Takt die Impfstoffe gegen das Virus SARS-CoV-2 <a class=\"mh-excerpt-more\" href=\"https:\/\/www.studiogera.de\/001\/2021\/01\/09\/massenimpfungen-in-gera-ab-13-januar-2021\/\" title=\"MASSENIMPFUNGEN IN GERA AB 13. JANUAR 2021\">[&#8230;]<\/a><\/p>\n<\/div>","protected":false},"author":2,"featured_media":13868,"comment_status":"open","ping_status":"open","sticky":false,"template":"","format":"standard","meta":{"footnotes":""},"categories":[3],"tags":[],"class_list":{"0":"post-13867","1":"post","2":"type-post","3":"status-publish","4":"format-standard","5":"has-post-thumbnail","7":"category-lokal"},"_links":{"self":[{"href":"https:\/\/www.studiogera.de\/001\/wp-json\/wp\/v2\/posts\/13867","targetHints":{"allow":["GET"]}}],"collection":[{"href":"https:\/\/www.studiogera.de\/001\/wp-json\/wp\/v2\/posts"}],"about":[{"href":"https:\/\/www.studiogera.de\/001\/wp-json\/wp\/v2\/types\/post"}],"author":[{"embeddable":true,"href":"https:\/\/www.studiogera.de\/001\/wp-json\/wp\/v2\/users\/2"}],"replies":[{"embeddable":true,"href":"https:\/\/www.studiogera.de\/001\/wp-json\/wp\/v2\/comments?post=13867"}],"version-history":[{"count":3,"href":"https:\/\/www.studiogera.de\/001\/wp-json\/wp\/v2\/posts\/13867\/revisions"}],"predecessor-version":[{"id":13872,"href":"https:\/\/www.studiogera.de\/001\/wp-json\/wp\/v2\/posts\/13867\/revisions\/13872"}],"wp:featuredmedia":[{"embeddable":true,"href":"https:\/\/www.studiogera.de\/001\/wp-json\/wp\/v2\/media\/13868"}],"wp:attachment":[{"href":"https:\/\/www.studiogera.de\/001\/wp-json\/wp\/v2\/media?parent=13867"}],"wp:term":[{"taxonomy":"category","embeddable":true,"href":"https:\/\/www.studiogera.de\/001\/wp-json\/wp\/v2\/categories?post=13867"},{"taxonomy":"post_tag","embeddable":true,"href":"https:\/\/www.studiogera.de\/001\/wp-json\/wp\/v2\/tags?post=13867"}],"curies":[{"name":"wp","href":"https:\/\/api.w.org\/{rel}","templated":true}]}}