{"id":13881,"date":"2021-01-10T22:05:20","date_gmt":"2021-01-10T21:05:20","guid":{"rendered":"http:\/\/www.studiogera.de\/001\/?p=13881"},"modified":"2021-01-10T22:05:21","modified_gmt":"2021-01-10T21:05:21","slug":"jugendclub-cm-wird-medienprojekt-realisieren","status":"publish","type":"post","link":"https:\/\/www.studiogera.de\/001\/2021\/01\/10\/jugendclub-cm-wird-medienprojekt-realisieren\/","title":{"rendered":"JUGENDCLUB CM WIRD MEDIENPROJEKT REALISIEREN"},"content":{"rendered":"\n<p>Mit Unterst\u00fctzung von 10&#8217;000 Euro durch die Deutsche-Telekom-Stiftung wird der st\u00e4dtische Jugendclub CM in Bielach-Ost 2021 ein Medienprojekt der besonderen Art realisieren. Das Ziel ist die Entwicklung eines Medienkonzeptes f\u00fcr die Jugendeinrichtung mit jungen Nutzern sowie die altersgerechte Wissensvermittlung in Umgang und Funktionsweise von digitalen Medien. Derzeit werden die R\u00e4umlichkeiten des Jugendclubs mit der Unterst\u00fctzung der GWB Elstertal umgestaltet und f\u00fcr den Beginn des Projektes eingerichtet. Geplant ist, die \u201eSmartlouge\u201c im M\u00e4rz 2021 zu er\u00f6ffnen und mit rund 40 Teilnehmer im Alter zwischen zehn und 15 Jahren Bildungsveranstaltungen und Medienangebote durchzuf\u00fchren. Nach erfolgreicher Teilnahme erh\u00e4lt der junge Nutzer einen Medienpass.<\/p>\n","protected":false},"excerpt":{"rendered":"<div class=\"mh-excerpt\"><p>Mit Unterst\u00fctzung von 10&#8217;000 Euro durch die Deutsche-Telekom-Stiftung wird der st\u00e4dtische Jugendclub CM in Bielach-Ost 2021 ein Medienprojekt der besonderen Art realisieren. Das Ziel ist die Entwicklung eines Medienkonzeptes f\u00fcr die Jugendeinrichtung mit jungen Nutzern <a class=\"mh-excerpt-more\" href=\"https:\/\/www.studiogera.de\/001\/2021\/01\/10\/jugendclub-cm-wird-medienprojekt-realisieren\/\" title=\"JUGENDCLUB CM WIRD MEDIENPROJEKT REALISIEREN\">[&#8230;]<\/a><\/p>\n<\/div>","protected":false},"author":2,"featured_media":13882,"comment_status":"open","ping_status":"open","sticky":false,"template":"","format":"standard","meta":{"footnotes":""},"categories":[17],"tags":[],"class_list":{"0":"post-13881","1":"post","2":"type-post","3":"status-publish","4":"format-standard","5":"has-post-thumbnail","7":"category-medien"},"_links":{"self":[{"href":"https:\/\/www.studiogera.de\/001\/wp-json\/wp\/v2\/posts\/13881","targetHints":{"allow":["GET"]}}],"collection":[{"href":"https:\/\/www.studiogera.de\/001\/wp-json\/wp\/v2\/posts"}],"about":[{"href":"https:\/\/www.studiogera.de\/001\/wp-json\/wp\/v2\/types\/post"}],"author":[{"embeddable":true,"href":"https:\/\/www.studiogera.de\/001\/wp-json\/wp\/v2\/users\/2"}],"replies":[{"embeddable":true,"href":"https:\/\/www.studiogera.de\/001\/wp-json\/wp\/v2\/comments?post=13881"}],"version-history":[{"count":1,"href":"https:\/\/www.studiogera.de\/001\/wp-json\/wp\/v2\/posts\/13881\/revisions"}],"predecessor-version":[{"id":13883,"href":"https:\/\/www.studiogera.de\/001\/wp-json\/wp\/v2\/posts\/13881\/revisions\/13883"}],"wp:featuredmedia":[{"embeddable":true,"href":"https:\/\/www.studiogera.de\/001\/wp-json\/wp\/v2\/media\/13882"}],"wp:attachment":[{"href":"https:\/\/www.studiogera.de\/001\/wp-json\/wp\/v2\/media?parent=13881"}],"wp:term":[{"taxonomy":"category","embeddable":true,"href":"https:\/\/www.studiogera.de\/001\/wp-json\/wp\/v2\/categories?post=13881"},{"taxonomy":"post_tag","embeddable":true,"href":"https:\/\/www.studiogera.de\/001\/wp-json\/wp\/v2\/tags?post=13881"}],"curies":[{"name":"wp","href":"https:\/\/api.w.org\/{rel}","templated":true}]}}