{"id":13906,"date":"2021-01-12T00:27:43","date_gmt":"2021-01-11T23:27:43","guid":{"rendered":"http:\/\/www.studiogera.de\/001\/?p=13906"},"modified":"2021-01-12T00:27:45","modified_gmt":"2021-01-11T23:27:45","slug":"erreichbarkeit-des-sozialamtes-und-des-jugendamtes-2","status":"publish","type":"post","link":"https:\/\/www.studiogera.de\/001\/2021\/01\/12\/erreichbarkeit-des-sozialamtes-und-des-jugendamtes-2\/","title":{"rendered":"ERREICHBARKEIT DES SOZIALAMTES UND DES JUGENDAMTES"},"content":{"rendered":"\n<p>Das Dienstgeb\u00e4ude des Sozial- und des Jugendamtes in der Gagarinstra\u00dfe 99\/101 ist zun\u00e4chst bis zum 31. Januar 2021 f\u00fcr den Publikumsverkehr geschlossen. Das Dezernat f\u00fcr Jugend und Soziales informiert, dass Anliegen selbstverst\u00e4ndlich weiterhin bearbeitet werden, allerdings sollte dies auf elektronischem, telefonischem oder postalischem Weg erfolgen. Pers\u00f6nliche Vorsprachen sind nur in unaufschiebbaren Notf\u00e4llen m\u00f6glich. In diesem Fall ist eine telefonische Terminvereinbarung notwendig.<\/p>\n","protected":false},"excerpt":{"rendered":"<div class=\"mh-excerpt\"><p>Das Dienstgeb\u00e4ude des Sozial- und des Jugendamtes in der Gagarinstra\u00dfe 99\/101 ist zun\u00e4chst bis zum 31. Januar 2021 f\u00fcr den Publikumsverkehr geschlossen. Das Dezernat f\u00fcr Jugend und Soziales informiert, dass Anliegen selbstverst\u00e4ndlich weiterhin bearbeitet werden, <a class=\"mh-excerpt-more\" href=\"https:\/\/www.studiogera.de\/001\/2021\/01\/12\/erreichbarkeit-des-sozialamtes-und-des-jugendamtes-2\/\" title=\"ERREICHBARKEIT DES SOZIALAMTES UND DES JUGENDAMTES\">[&#8230;]<\/a><\/p>\n<\/div>","protected":false},"author":2,"featured_media":12581,"comment_status":"open","ping_status":"open","sticky":false,"template":"","format":"standard","meta":{"footnotes":""},"categories":[16],"tags":[],"class_list":{"0":"post-13906","1":"post","2":"type-post","3":"status-publish","4":"format-standard","5":"has-post-thumbnail","7":"category-kurzmitteilungen"},"_links":{"self":[{"href":"https:\/\/www.studiogera.de\/001\/wp-json\/wp\/v2\/posts\/13906","targetHints":{"allow":["GET"]}}],"collection":[{"href":"https:\/\/www.studiogera.de\/001\/wp-json\/wp\/v2\/posts"}],"about":[{"href":"https:\/\/www.studiogera.de\/001\/wp-json\/wp\/v2\/types\/post"}],"author":[{"embeddable":true,"href":"https:\/\/www.studiogera.de\/001\/wp-json\/wp\/v2\/users\/2"}],"replies":[{"embeddable":true,"href":"https:\/\/www.studiogera.de\/001\/wp-json\/wp\/v2\/comments?post=13906"}],"version-history":[{"count":1,"href":"https:\/\/www.studiogera.de\/001\/wp-json\/wp\/v2\/posts\/13906\/revisions"}],"predecessor-version":[{"id":13907,"href":"https:\/\/www.studiogera.de\/001\/wp-json\/wp\/v2\/posts\/13906\/revisions\/13907"}],"wp:featuredmedia":[{"embeddable":true,"href":"https:\/\/www.studiogera.de\/001\/wp-json\/wp\/v2\/media\/12581"}],"wp:attachment":[{"href":"https:\/\/www.studiogera.de\/001\/wp-json\/wp\/v2\/media?parent=13906"}],"wp:term":[{"taxonomy":"category","embeddable":true,"href":"https:\/\/www.studiogera.de\/001\/wp-json\/wp\/v2\/categories?post=13906"},{"taxonomy":"post_tag","embeddable":true,"href":"https:\/\/www.studiogera.de\/001\/wp-json\/wp\/v2\/tags?post=13906"}],"curies":[{"name":"wp","href":"https:\/\/api.w.org\/{rel}","templated":true}]}}