{"id":13908,"date":"2021-01-14T02:25:12","date_gmt":"2021-01-14T01:25:12","guid":{"rendered":"http:\/\/www.studiogera.de\/001\/?p=13908"},"modified":"2021-01-14T02:46:05","modified_gmt":"2021-01-14T01:46:05","slug":"strengere-regeln-bis-hin-zu-quarantaene-sammellagern","status":"publish","type":"post","link":"https:\/\/www.studiogera.de\/001\/2021\/01\/14\/strengere-regeln-bis-hin-zu-quarantaene-sammellagern\/","title":{"rendered":"STRENGERE REGELN BIS HIN ZU QUARANT\u00c4NE-SAMMELLAGERN"},"content":{"rendered":"\n<p>Eine gro\u00dfe Mehrheit der B\u00fcrger bef\u00fcrwortet laut Umfragen strengere Corona-Ma\u00dfnahmen. Weil die Zahlen trotz erheblicher Beschr\u00e4nkungen weiter steigen, werden mehr Kontrollen und h\u00e4rtere Strafen gefordert.<\/p>\n\n\n\n<p>Dass die Fallzahlen trotz der umfangreichen Beschr\u00e4nkungen und Betriebsverbote weiterhin hoch sind, f\u00fchren Forscher auf ein zu hohes Niveau an Kontakten in der breiten Masse zur\u00fcck. Dar\u00fcber schreibt das Boulevardmagazin \u201eFocus\u201c. Weil das zu viele Menschen offenbar immer noch nicht verstanden h\u00e4tten, k\u00f6nnte sp\u00e4testens im Februar der totale Lockdown drohen, hei\u00dft es. Dann g\u00e4be es nicht nur geschlossene Gesch\u00e4fte, Kindertagesst\u00e4tten, Schulen und Kulturbetriebe, sondern auch ganzt\u00e4gige Ausgangssperren und ein Verbot, haushaltfremde Personen \u00fcberhaupt noch zu treffen. Im Robert-Koch-Institut diskutiere man bereits \u00fcber diese Vorgehensweise. Das Verlassen der eigenen Wohnung sei dann nur noch f\u00fcr Arztbesuche, den Einkauf oder in dringenden F\u00e4llen erlaubt:<\/p>\n\n\n\n<p><a href=\"https:\/\/www.focus.de\/gesundheit\/news\/prinzip-hoffnung-ist-keine-option-mehr-ausgangssperre-fuer-alle-jetzt-steuert-deutschland-auf-den-totalen-lockdown-zu_id_12857619.html?utm_source=facebook&amp;utm_medium=social&amp;utm_campaign=facebook-focus-online-panorama&amp;fbc=facebook-focus-online-panorama&amp;ts=202101121138&amp;cid=12012021\">https:\/\/www.focus.de\/gesundheit\/news\/prinzip-hoffnung-ist-keine-option-mehr-ausgangssperre-fuer-alle-jetzt-steuert-deutschland-auf-den-totalen-lockdown-zu_id_12857619.html?utm_source=facebook&amp;utm_medium=social&amp;utm_campaign=facebook-focus-online-panorama&amp;fbc=facebook-focus-online-panorama&amp;ts=202101121138&amp;cid=12012021<\/a><\/p>\n\n\n\n<p>Im Heute-Journal des ZDF sagte der Ministerpr\u00e4sident des Freistaats Th\u00fcringen am 10. Januar 2021, man m\u00fcsse der Tatsache ins Auge sehen, dass das Virus jetzt erst anfange, richtig Fahrt aufzunehmen. Es sei falsch gewesen, den leichteren und hoffnungsvolleren Weg zu gehen. Ramelow sprach sich f\u00fcr eine weitere Reduzierung der Kontakte aus. Das Virus werde im Alltag, in der Produktionshalle, auf der Baustelle und \u00fcberall dort, wo Menschen auch kurz miteinander einen Schwatz halten, \u00fcbertragen.<\/p>\n\n\n\n<p>Mehrere Forscher fordern, auf Mobilit\u00e4t gr\u00f6\u00dftenteils zu verzichten. Je mehr Menschen auf Aktivit\u00e4ten au\u00dfer Haus verzichten, desto weniger k\u00f6nne sich das Coronavirus verbreiten, schreibt beispielsweise das Magazin \u201eFocus\u201c in einem weiteren Artikel:<\/p>\n\n\n\n<p><a href=\"https:\/\/www.focus.de\/perspektiven\/maske-wenig-reden-gut-lueften-wie-gefaehrlich-ist-unsere-mobilitaet-corona-erkenntnisse-eines-experten-machen-mut_id_12856035.html?utm_source=facebook&amp;utm_medium=social&amp;utm_campaign=facebook-focus-online-panorama&amp;fbc=facebook-focus-online-panorama&amp;ts=202101111610&amp;cid=11012021\">https:\/\/www.focus.de\/perspektiven\/maske-wenig-reden-gut-lueften-wie-gefaehrlich-ist-unsere-mobilitaet-corona-erkenntnisse-eines-experten-machen-mut_id_12856035.html?utm_source=facebook&amp;utm_medium=social&amp;utm_campaign=facebook-focus-online-panorama&amp;fbc=facebook-focus-online-panorama&amp;ts=202101111610&amp;cid=11012021<\/a><\/p>\n\n\n\n<p>Uwe Brandl, Pr\u00e4sident des Bayerischen Gemeindetages und B\u00fcrgermeister von Abensberg, h\u00e4lt den Bewegungsradius von 15 Kilometern, der f\u00fcr Kreise und St\u00e4dte mit einem Sieben-Tage-Wert von \u00fcber 200 gilt, f\u00fcr schwer kontrollierbar. Er fordert deshalb die Auswertung von Mobilfunkdaten, um die Einhaltung zu kontrollieren, meldete der Bayerische Rundfunk am 11. Januar 2021.<\/p>\n\n\n\n<p>Immer h\u00e4ufiger nimmt man sich an China ein Beispiel, was die Strenge der Ma\u00dfnahmen angeht. Manche Chinesen k\u00f6nnen nicht nachvollziehen, warum es in Deutschland immer noch so locker zugeht, war im Deutschlandfunk zu h\u00f6ren. In China sei beispielsweise in betroffenen Gebieten das Einkaufen auf ein bis zweimal eine halbe Stunde pro Woche limitiert worden. Sobald man das Haus verlasse, werde dann die Temperatur gemessen, berichtet eine Chinesin. Von der Strenge der Quarant\u00e4ne in ihrem Land sei sie beeindruckt. Bei der Durchsetzung komme auch Gewalt zur Anwendung. Man werde in ein spezielles Lager gebracht und isoliert. Bilder zeigen, so der Bericht, wie Sicherheitsleute in wei\u00dfen Schutzanz\u00fcgen Frauen und M\u00e4nner, die sich heftig wehren, aus ihren Wohnungen zerren und \u00fcber die Flure schleifen. Manche Ma\u00dfnahmen seien in China besser, so die Meinung einer der Gespr\u00e4chsteilnehmerinnen chinesischer Herkunft im Deutschlandfunk. Die Sprecherin h\u00e4lt es f\u00fcr \u00fcberlegenswert, angesichts steigender Fallzahlen einige chinesische Pandemie-Ma\u00dfnahmen auch in Deutschland einzuf\u00fchren, zum Beispiel strenge Temperatur\u00fcberwachungen oder Quarant\u00e4ne in Sammellagern. Ob die Menschen in Deutschland chinesische Methoden akzeptieren w\u00fcrden, dar\u00fcber gebe es unterschiedliche Meinungen. Aber wenn die Regierung Zwang aus\u00fcben w\u00fcrde, dann w\u00fcrden die Leute alles akzeptieren, sagt eine der Chinesinnen und f\u00fcgt an, die Deutschen seien sehr brav, und wenn sie Angst haben, machen sie immer mit. Dann erg\u00e4nzt sie, in China stehe an jedem Haus eine Person, die alles kontrolliert:<\/p>\n\n\n\n<figure class=\"wp-block-embed is-type-rich is-provider-handler-einbetten\"><div class=\"wp-block-embed__wrapper\">\n<audio class=\"wp-audio-shortcode\" id=\"audio-13908-1\" preload=\"none\" style=\"width: 100%;\" controls=\"controls\"><source type=\"audio\/mpeg\" src=\"https:\/\/ondemand-mp3.dradio.de\/file\/dradio\/2021\/01\/12\/podium_chinesinnen_in_deutschland_vergleichen_dlf_20210112_0747_f15c2b47.mp3?_=1\" \/><a href=\"https:\/\/ondemand-mp3.dradio.de\/file\/dradio\/2021\/01\/12\/podium_chinesinnen_in_deutschland_vergleichen_dlf_20210112_0747_f15c2b47.mp3\">https:\/\/ondemand-mp3.dradio.de\/file\/dradio\/2021\/01\/12\/podium_chinesinnen_in_deutschland_vergleichen_dlf_20210112_0747_f15c2b47.mp3<\/a><\/audio>\n<\/div><\/figure>\n\n\n\n<p>Kritiker sprechen von vorgeschobenen Gr\u00fcnden, um auf ein neues System nach chinesischem Vorbild hinarbeiten zu k\u00f6nnen, und nennen bereits ihre Erwartungen f\u00fcr den Argumentationsverlauf in den n\u00e4chsten Monaten: \u201eWir brauchen einen totalen Lockdown, um das Virus besiegen zu k\u00f6nnen.\u201c \u201eDer Sieben-Tage-Grenzwert ist zu hoch und muss gesenkt werden, damit Kontaktketten nachvollziehbar bleiben.\u201c \u201e Nur ein Bewegungsradius von h\u00f6chstens 15 Kilometern bremst die weitere Ausbreitung.\u201c \u201eErst dann, wenn mindestens zwei Drittel der B\u00fcrger geimpft sind und eine Herdenimmunit\u00e4t nachweisbar ist, kann es Lockerungen geben.\u201c Ein mutiertes Corona-Virus breitet sich aus, deshalb m\u00fcssen die Ma\u00dfnahmen versch\u00e4rft werden.\u201c \u201eDie Wirkung des Impfstoffes l\u00e4sst schon nach wenigen Monaten nach, und die Bedrohung bleibt ohne regelm\u00e4\u00dfiges Nachimpfen erhalten.\u201c Das Bewusstsein f\u00fcr eine Grenze, wie weit man mit Verboten und Ma\u00dfnahmen gehen kann, sei zu gering ausgepr\u00e4gt. Unter der Annahme, die Beschr\u00e4nkungen w\u00fcrden f\u00fcr wirtschaftliche Transformationsprozesse gebraucht, k\u00f6nnten Isolationslager bei einer Steigerung der gesellschaftlichen Angst auch in Deutschland akzeptiert werden.<\/p>\n","protected":false},"excerpt":{"rendered":"<div class=\"mh-excerpt\"><p>Eine gro\u00dfe Mehrheit der B\u00fcrger bef\u00fcrwortet laut Umfragen strengere Corona-Ma\u00dfnahmen. Weil die Zahlen trotz erheblicher Beschr\u00e4nkungen weiter steigen, werden mehr Kontrollen und h\u00e4rtere Strafen gefordert. Dass die Fallzahlen trotz der umfangreichen Beschr\u00e4nkungen und Betriebsverbote weiterhin <a class=\"mh-excerpt-more\" href=\"https:\/\/www.studiogera.de\/001\/2021\/01\/14\/strengere-regeln-bis-hin-zu-quarantaene-sammellagern\/\" title=\"STRENGERE REGELN BIS HIN ZU QUARANT\u00c4NE-SAMMELLAGERN\">[&#8230;]<\/a><\/p>\n<\/div>","protected":false},"author":2,"featured_media":13911,"comment_status":"open","ping_status":"open","sticky":false,"template":"","format":"standard","meta":{"footnotes":""},"categories":[6],"tags":[],"class_list":{"0":"post-13908","1":"post","2":"type-post","3":"status-publish","4":"format-standard","5":"has-post-thumbnail","7":"category-gesellschaft"},"_links":{"self":[{"href":"https:\/\/www.studiogera.de\/001\/wp-json\/wp\/v2\/posts\/13908","targetHints":{"allow":["GET"]}}],"collection":[{"href":"https:\/\/www.studiogera.de\/001\/wp-json\/wp\/v2\/posts"}],"about":[{"href":"https:\/\/www.studiogera.de\/001\/wp-json\/wp\/v2\/types\/post"}],"author":[{"embeddable":true,"href":"https:\/\/www.studiogera.de\/001\/wp-json\/wp\/v2\/users\/2"}],"replies":[{"embeddable":true,"href":"https:\/\/www.studiogera.de\/001\/wp-json\/wp\/v2\/comments?post=13908"}],"version-history":[{"count":5,"href":"https:\/\/www.studiogera.de\/001\/wp-json\/wp\/v2\/posts\/13908\/revisions"}],"predecessor-version":[{"id":13919,"href":"https:\/\/www.studiogera.de\/001\/wp-json\/wp\/v2\/posts\/13908\/revisions\/13919"}],"wp:featuredmedia":[{"embeddable":true,"href":"https:\/\/www.studiogera.de\/001\/wp-json\/wp\/v2\/media\/13911"}],"wp:attachment":[{"href":"https:\/\/www.studiogera.de\/001\/wp-json\/wp\/v2\/media?parent=13908"}],"wp:term":[{"taxonomy":"category","embeddable":true,"href":"https:\/\/www.studiogera.de\/001\/wp-json\/wp\/v2\/categories?post=13908"},{"taxonomy":"post_tag","embeddable":true,"href":"https:\/\/www.studiogera.de\/001\/wp-json\/wp\/v2\/tags?post=13908"}],"curies":[{"name":"wp","href":"https:\/\/api.w.org\/{rel}","templated":true}]}}